{"id":881,"date":"2014-06-19T16:14:21","date_gmt":"2014-06-19T16:14:21","guid":{"rendered":"http:\/\/www.orthodoxie-reunion.com\/?p=881"},"modified":"2014-06-19T16:14:21","modified_gmt":"2014-06-19T16:14:21","slug":"le-careme-des-apotres","status":"publish","type":"post","link":"http:\/\/www.orthodoxie-reunion.com\/?p=881","title":{"rendered":"Le Car\u00eame des Ap\u00f4tres"},"content":{"rendered":"<p>Le car\u00eame des ap\u00f4tres qui a d\u00e9but\u00e9 le lundi 16 juin pour finir le jour de la f\u00eate des ap\u00f4tres Pierre et Paul est l&rsquo;un des 4 p\u00e9riodes de je\u00fbne de l&rsquo;ann\u00e9e. Son origine remonte au d\u00e9but du christianisme (il est mentionn\u00e9 dans la Didach\u00e9, livre \u00e9crit au premier si\u00e8cle) ; tout au d\u00e9but la p\u00e9riode de je\u00fbne \u00e9tait d&rsquo;une semaine juste apr\u00e8s la Pentec\u00f4te et puis la p\u00e9riode de je\u00fbne s&rsquo;est progressivement allong\u00e9e \u00a0et il y a eu une \u00e9poque o\u00f9 ce je\u00fbne durait jusqu&rsquo;au 15 Ao\u00fbt (VII\u00e8me si\u00e8cle)! Ce je\u00fbne n&rsquo;est pas strict, on peut manger du poisson (sauf les mercredis et vendredis) et on s&rsquo;abstient des laitages. Quoiqu&rsquo;il en soit la pratique de ce je\u00fbne est bien \u00e9tablie dans la Tradition. Le je\u00fbne n&rsquo;est pas un r\u00e9gime di\u00e9t\u00e9tique, et celui-ci est fait en l&rsquo;honneur de tous les ap\u00f4tres et en particulier de Pierre et Paul.<\/p>\n<p>Voir par exemple:http:\/\/stmaterne.blogspot.com\/search?updated-max=2014-06-17T00:30:00%2B02:00&amp;max-results=6<\/p>\n<p>&nbsp;<\/p>\n<p>&nbsp;<\/p>\n","protected":false},"excerpt":{"rendered":"<p>Le car\u00eame des ap\u00f4tres qui a d\u00e9but\u00e9 le lundi 16 juin pour finir le jour de la f\u00eate des ap\u00f4tres Pierre et Paul est l&rsquo;un des 4 p\u00e9riodes de je\u00fbne de l&rsquo;ann\u00e9e. Son origine remonte au d\u00e9but du christianisme (il est mentionn\u00e9 dans la Didach\u00e9, livre \u00e9crit au premier si\u00e8cle) ; tout au d\u00e9but la &hellip; <a href=\"http:\/\/www.orthodoxie-reunion.com\/?p=881\" class=\"more-link\">Continuer la lecture de <span class=\"screen-reader-text\">Le Car\u00eame des Ap\u00f4tres<\/span><\/a><\/p>\n","protected":false},"author":1,"featured_media":0,"comment_status":"open","ping_status":"open","sticky":false,"template":"","format":"standard","meta":{"footnotes":""},"categories":[13],"tags":[],"class_list":["post-881","post","type-post","status-publish","format-standard","hentry","category-calendrier-liturgique"],"_links":{"self":[{"href":"http:\/\/www.orthodoxie-reunion.com\/index.php?rest_route=\/wp\/v2\/posts\/881","targetHints":{"allow":["GET"]}}],"collection":[{"href":"http:\/\/www.orthodoxie-reunion.com\/index.php?rest_route=\/wp\/v2\/posts"}],"about":[{"href":"http:\/\/www.orthodoxie-reunion.com\/index.php?rest_route=\/wp\/v2\/types\/post"}],"author":[{"embeddable":true,"href":"http:\/\/www.orthodoxie-reunion.com\/index.php?rest_route=\/wp\/v2\/users\/1"}],"replies":[{"embeddable":true,"href":"http:\/\/www.orthodoxie-reunion.com\/index.php?rest_route=%2Fwp%2Fv2%2Fcomments&post=881"}],"version-history":[{"count":1,"href":"http:\/\/www.orthodoxie-reunion.com\/index.php?rest_route=\/wp\/v2\/posts\/881\/revisions"}],"predecessor-version":[{"id":882,"href":"http:\/\/www.orthodoxie-reunion.com\/index.php?rest_route=\/wp\/v2\/posts\/881\/revisions\/882"}],"wp:attachment":[{"href":"http:\/\/www.orthodoxie-reunion.com\/index.php?rest_route=%2Fwp%2Fv2%2Fmedia&parent=881"}],"wp:term":[{"taxonomy":"category","embeddable":true,"href":"http:\/\/www.orthodoxie-reunion.com\/index.php?rest_route=%2Fwp%2Fv2%2Fcategories&post=881"},{"taxonomy":"post_tag","embeddable":true,"href":"http:\/\/www.orthodoxie-reunion.com\/index.php?rest_route=%2Fwp%2Fv2%2Ftags&post=881"}],"curies":[{"name":"wp","href":"https:\/\/api.w.org\/{rel}","templated":true}]}}