{"id":830,"date":"2014-03-29T16:27:10","date_gmt":"2014-03-29T16:27:10","guid":{"rendered":"http:\/\/www.orthodoxie-reunion.com\/?p=830"},"modified":"2014-03-29T17:00:40","modified_gmt":"2014-03-29T17:00:40","slug":"dimanche-de-jean-climaque","status":"publish","type":"post","link":"http:\/\/www.orthodoxie-reunion.com\/?p=830","title":{"rendered":"Dimanche de Jean Climaque"},"content":{"rendered":"<p>Quatri\u00e8me dimanche du grand Car\u00eame: dimanche de Jean Climaque. Jean Climaque,\u00a0 est un moine syrien du VI<sup>e<\/sup> ou VII<sup>e<\/sup>\u00a0si\u00e8cle . Il a \u00e9t\u00e9 le sup\u00e9rieur du monast\u00e8re du mont Sina\u00ef. Il a re\u00e7u le surnom de Climaque en raison du\u00a0 trait\u00e9 intitul\u00e9 <i>L\u2019\u00e9chelle sainte<\/i>, qu\u2019il composa pour la formation des moines: il y d\u00e9crit l\u2019itin\u00e9raire spirituel \u00e0 la mani\u00e8re d\u2019une mont\u00e9e vers Dieu \u00e0 travers trente degr\u00e9s. (cf.http:\/\/fr.wikipedia.org\/wiki\/Jean_Climaque).<\/p>\n<p>Evangile du jour:\u00a0 Mc. 9:17-31<\/p>\n<p>9,17 Un de la foule lui r\u00e9pondit : \u00ab\u00a0Ma\u00eetre, je vous ai amen\u00e9 mon fils, qui a un esprit muet.<\/p>\n<p>18 Partout o\u00f9 il s&#8217;empare de lui, il le jette contre terre, et il \u00e9cume, grince des dents et se raidit. Et j&rsquo;ai dit \u00e0 vos disciples de le chasser, et ils ne l&rsquo;ont pu.\u00a0\u00bb<\/p>\n<p>19 Il leur r\u00e9pondit : \u00ab\u00a0O g\u00e9n\u00e9ration incr\u00e9dule, jusques \u00e0 quand serai-je pr\u00e8s de vous? Jusques \u00e0 quand vous supporterai-je? Amenez-le-moi.\u00a0\u00bb<\/p>\n<p>20 Et ils le lui amen\u00e8rent. \u00c0 sa vue, l&rsquo;esprit le jeta aussit\u00f4t \u00e0 terre, et tomb\u00e9 sur le sol, il se roulait en \u00e9cumant.<\/p>\n<p>21 Et il demanda au p\u00e8re : \u00ab\u00a0Combien y a-t-il de temps que cela lui arrive? &#8211; Depuis l&rsquo;enfance, dit-il.<\/p>\n<p>22 Et souvent il l&rsquo;a jet\u00e9 dans le feu et dans l&rsquo;eau pour le faire p\u00e9rir. Mais, si vous pouvez quelque chose, venez \u00e0 notre aide par piti\u00e9 pour nous.\u00a0\u00bb<\/p>\n<p>23 J\u00e9sus lui dit : \u00ab\u00a0Si vous pouvez ! Tout est possible \u00e0 celui qui croit.\u00a0\u00bb<\/p>\n<p>24 Aussit\u00f4t le p\u00e8re de l&rsquo;enfant s&rsquo;\u00e9cria : \u00ab\u00a0Je crois ! Venez au secours de mon manque de foi !\u00a0\u00bb<\/p>\n<p>25 J\u00e9sus, voyant accourir une foule, commanda avec force \u00e0 l&rsquo;esprit impur, lui disant : \u00ab\u00a0Esprit muet et sourd, je te le commande, sors de lui et ne rentre plus en lui. \u00a0\u00bb<\/p>\n<p>26 Et ayant pouss\u00e9 un grand cri et l&rsquo;ayant jet\u00e9 \u00e0 terre avec violence, il sortit; et il devint comme mort, si bien que beaucoup disaient : \u00ab\u00a0Il est mort.\u00a0\u00bb<\/p>\n<p>27 Mais J\u00e9sus, l&rsquo;ayant pris par la main, le fit lever, et il se tint debout.<\/p>\n<p>28 Lorsqu&rsquo;il fut entr\u00e9 dans la maison, ses disciples lui demand\u00e8rent en particulier : \u00ab\u00a0Pourquoi n&rsquo;avons-nous pu le chasser? \u00a0\u00bb<\/p>\n<p>29 Il leur dit : \u00ab\u00a0Ce genre ne peut \u00eatre chass\u00e9 que par la pri\u00e8re [et le je\u00fbne].\u00a0\u00bb<\/p>\n<p>30 \u00c9tant partis de l\u00e0, ils chemin\u00e8rent \u00e0 travers la Galil\u00e9e, et il ne voulait pas qu&rsquo;on le s\u00fbt,<\/p>\n<p>31 car il donnait cet enseignement \u00e0 ses disciples : \u00ab\u00a0Le fils de l&rsquo;homme va \u00eatre livr\u00e9 entre les mains des hommes, et ils le mettront \u00e0 mort, et mis \u00e0 mort, il ressuscitera apr\u00e8s trois jours.\u00a0\u00bb<\/p>\n<p><em>Kondak: P\u00e8re Jean, notre ma\u00eetre, le Seigneur t&rsquo;a \u00e9lev\u00e9 sur les cimes de la temp\u00e9rance, comme un astre fixe et vrai pour \u00e9clairer les confins de la terre.<\/em><\/p>\n<p>&nbsp;<\/p>\n<p><em>\u00a0<\/em><strong>Extraits de l&rsquo;Echelle Sainte (Premier degr\u00e9):<br \/>\n<\/strong><\/p>\n<p><em>1. Il convient qu&rsquo;ayant \u00e0 parler ici \u00e0 des Serviteurs de Dieu, je commence mon discours par son nom saint et adorable. Ainsi, Dieu, qui est notre roi supr\u00eame, a dou\u00e9 du libre arbitre toutes les cr\u00e9atures raisonnables, auxquelles Il a donn\u00e9 l&rsquo;\u00eatre et l&rsquo;existence; n\u00e9anmoins on doit remarquer qu&rsquo;elles diff\u00e8rent les unes des autres. En effet, les unes ont m\u00e9rit\u00e9 d&rsquo;\u00eatre pour toujours les amis de Dieu; les autres sont ses bons et fid\u00e8les serviteurs; les autres ne sont que de mauvais serviteurs; les autres se sont enti\u00e8rement s\u00e9par\u00e9es de Lui; et les autres enfin sont des ennemis d\u00e9clar\u00e9s, et quoiqu&rsquo;elles ne puissent rien contre Lui, elles ne laissent pas de Lui faire une guerre sacril\u00e8ge.<\/em><\/p>\n<p><em><br \/>\n37. Un jour, j&rsquo;ai rencontr\u00e9 des gens qui vivaient assez dans l&rsquo;oubli de leur salut; ils me tinrent cependant ce langage : \u00abComment nous serait-il possible de penser \u00e0 la vie religieuse et solitaire, nous qui sommes oblig\u00e9s de vivre avec nos femmes, et qui sommes accabl\u00e9s sous le poids de nos affaires temporelles ?\u00bb Je me contentai de leur r\u00e9pondre : \u00abNe manquez pas de faire exactement toutes les bonnes \u0153uvres que vous pourrez; fuyez le mensonge avec horreur; que l&rsquo;orgueil ne vous fasse m\u00e9priser personne; n&rsquo;ayez de haine contre personne; assistez r\u00e9guli\u00e8rement aux offices de l&rsquo;\u00e9glise; soyez charitables et bienfaisants pour les pauvres, ne scandalisez jamais vos fr\u00e8res; respectez la femme de votre prochain, et que chacun de vous se contente de la sienne : si vous agissez, et que vous viviez ainsi, vous ne serez pas loin du royaume des cieux.\u00bb<\/em><\/p>\n<p><em>source: http:\/\/o.sagesse.over-blog.com\/article-degres-1-a-3-du-renoncement-au-monde-91944421.html<br \/>\n<\/em><\/p>\n<p>&nbsp;<\/p>\n<h2><\/h2>\n<p><strong>\u00a0<\/strong><\/p>\n","protected":false},"excerpt":{"rendered":"<p>Quatri\u00e8me dimanche du grand Car\u00eame: dimanche de Jean Climaque. Jean Climaque,\u00a0 est un moine syrien du VIe ou VIIe\u00a0si\u00e8cle . Il a \u00e9t\u00e9 le sup\u00e9rieur du monast\u00e8re du mont Sina\u00ef. Il a re\u00e7u le surnom de Climaque en raison du\u00a0 trait\u00e9 intitul\u00e9 L\u2019\u00e9chelle sainte, qu\u2019il composa pour la formation des moines: il y d\u00e9crit l\u2019itin\u00e9raire &hellip; <a href=\"http:\/\/www.orthodoxie-reunion.com\/?p=830\" class=\"more-link\">Continuer la lecture de <span class=\"screen-reader-text\">Dimanche de Jean Climaque<\/span><\/a><\/p>\n","protected":false},"author":1,"featured_media":0,"comment_status":"open","ping_status":"open","sticky":false,"template":"","format":"standard","meta":{"footnotes":""},"categories":[13],"tags":[],"class_list":["post-830","post","type-post","status-publish","format-standard","hentry","category-calendrier-liturgique"],"_links":{"self":[{"href":"http:\/\/www.orthodoxie-reunion.com\/index.php?rest_route=\/wp\/v2\/posts\/830","targetHints":{"allow":["GET"]}}],"collection":[{"href":"http:\/\/www.orthodoxie-reunion.com\/index.php?rest_route=\/wp\/v2\/posts"}],"about":[{"href":"http:\/\/www.orthodoxie-reunion.com\/index.php?rest_route=\/wp\/v2\/types\/post"}],"author":[{"embeddable":true,"href":"http:\/\/www.orthodoxie-reunion.com\/index.php?rest_route=\/wp\/v2\/users\/1"}],"replies":[{"embeddable":true,"href":"http:\/\/www.orthodoxie-reunion.com\/index.php?rest_route=%2Fwp%2Fv2%2Fcomments&post=830"}],"version-history":[{"count":4,"href":"http:\/\/www.orthodoxie-reunion.com\/index.php?rest_route=\/wp\/v2\/posts\/830\/revisions"}],"predecessor-version":[{"id":834,"href":"http:\/\/www.orthodoxie-reunion.com\/index.php?rest_route=\/wp\/v2\/posts\/830\/revisions\/834"}],"wp:attachment":[{"href":"http:\/\/www.orthodoxie-reunion.com\/index.php?rest_route=%2Fwp%2Fv2%2Fmedia&parent=830"}],"wp:term":[{"taxonomy":"category","embeddable":true,"href":"http:\/\/www.orthodoxie-reunion.com\/index.php?rest_route=%2Fwp%2Fv2%2Fcategories&post=830"},{"taxonomy":"post_tag","embeddable":true,"href":"http:\/\/www.orthodoxie-reunion.com\/index.php?rest_route=%2Fwp%2Fv2%2Ftags&post=830"}],"curies":[{"name":"wp","href":"https:\/\/api.w.org\/{rel}","templated":true}]}}