{"id":826,"date":"2014-03-22T15:41:19","date_gmt":"2014-03-22T15:41:19","guid":{"rendered":"http:\/\/www.orthodoxie-reunion.com\/?p=826"},"modified":"2014-03-22T15:42:40","modified_gmt":"2014-03-22T15:42:40","slug":"dimanche-de-la-sainte-croix","status":"publish","type":"post","link":"http:\/\/www.orthodoxie-reunion.com\/?p=826","title":{"rendered":"Dimanche de la sainte croix"},"content":{"rendered":"<p>Le troisi\u00e8me dimanche du grand Car\u00eame (qui tombe cette ann\u00e9e le 23 mars ) est celui de la sainte croix. On lit l&rsquo;\u00e9vangile selon saint Marc: 8,34-9,1 Durant ce dimanche, le service divin comprend un rituel sp\u00e9cifique de v\u00e9n\u00e9ration de la Croix qui pr\u00e9pare les fid\u00e8les \u00e0 la comm\u00e9moration de la Crucifixion du Christ durant la Semaine Sainte et de sa R\u00e9surrection. (cf.http:\/\/fr.wikipedia.org\/wiki\/Dimanche_de_la_Croix).<\/p>\n<p>8,34 <em>Appelant \u00e0 lui la foule en m\u00eame temps que ses disciples, il leur dit :<\/em> <em>\u00ab\u00a0Si quelqu&rsquo;un veut venir \u00e0 ma suite, qu&rsquo;il se renie lui-m\u00eame, qu&rsquo;il se charge de sa croix, et qu&rsquo;il me suive.<\/em><\/p>\n<p>35 <em>Qui veut en effet sauver sa vie la perdra, mais qui perdra sa vie \u00e0 cause de moi et de l&rsquo;Evangile la sauvera.<\/em><\/p>\n<p>36 <em>Que sert donc \u00e0 l&rsquo;homme de gagner le monde entier, s&rsquo;il ruine sa propre vie ?<\/em><\/p>\n<p>37 <em>Et que peut donner l&rsquo;homme en \u00e9change de sa propre vie ?<\/em><\/p>\n<p>38 <em>Car celui qui aura rougi de moi et de mes paroles dans cette g\u00e9n\u00e9ration adult\u00e8re et p\u00e9cheresse, le Fils de l&rsquo;homme aussi rougira de lui, quand il viendra dans la gloire de son P\u00e8re avec les saints anges.\u00a0\u00bb<\/em><\/p>\n<p>9,1 Et il leur disait : <em>\u00ab\u00a0En v\u00e9rit\u00e9 je vous le dis, il en est d&rsquo;ici pr\u00e9sents qui ne go\u00fbteront pas la mort avant d&rsquo;avoir vu le Royaume de Dieu venu avec puissance.\u00a0\u00bb<\/em><\/p>\n<p><em>Kondak: Le glaive de feu ne garde plus la porte de l&rsquo;Eden. Par une \u00e9trange extinction, le bois de la Croix l&rsquo;a supprim\u00e9. L&rsquo;aiguillon de la mort et la victoire de l&rsquo;enfer sont an\u00e9antis. Tu es descendu ,\u00f4 mon Sauveur , pour crier \u00e0 ceux qui \u00e9taient chez Had\u00e8s: Venez et entrez \u00e0 nouveau dans le Paradis!<\/em><\/p>\n<p>Le 3\u00e8me dimanche du Grand Car\u00eame est appel\u00e9 \u00ab\u00a0La v\u00e9n\u00e9ration de la Croix.\u00a0\u00bb Lors de la Vigile de ce jour, apr\u00e8s la Grande Doxologie, la Croix est apport\u00e9e en procession solennelle au centre de l&rsquo;\u00e9glise et y demeurera toute la semaine durant \u2013 il y aura un rite sp\u00e9cial de v\u00e9n\u00e9ration \u00e0 la suite de chaque office. Il est remarquable que le th\u00e8me de la Croix qui domine l&rsquo;hymnologie de ce dimanche est d\u00e9velopp\u00e9 en termes non pas de souffrance mais de victoire et de joie. Plus encore, les chants donnant le th\u00e8me (hirmoi) du Canon du dimanche sont issus de l&rsquo;Office Pascal \u2013 \u00ab\u00a0Le Jour de la R\u00e9surrection\u00a0\u00bb \u2013 et le Canon est une paraphrase du Canon de P\u00e2ques. La signification de tout ceci est claire. Nous sommes \u00e0 la mi-Car\u00eame. D&rsquo;un c\u00f4t\u00e9, l&rsquo;effort physique et spirituel, s&rsquo;il est effectu\u00e9 de mani\u00e8re s\u00e9rieuse et constante, commence \u00e0 \u00eatre ressenti, son fardeau commence \u00e0 \u00eatre pesant, notre fatigue plus \u00e9vidente. Nous avons besoin d&rsquo;aide et d&rsquo;encouragement.<br \/>\nD&rsquo;un autre c\u00f4t\u00e9, ayant endur\u00e9 cette fatigue, ayant gravi la montagne jusqu&rsquo;\u00e0 ce point-ci, nous commen\u00e7ons \u00e0 voir la fin de notre p\u00e8lerinage, et les rayons de P\u00e2ques commencent \u00e0 cro\u00eetre en intensit\u00e9. Le Car\u00eame est notre propre crucifixion, notre exp\u00e9rimentation, aussi limit\u00e9e soit-elle, du commandement du Christ entendu dans l&rsquo;\u00c9vangile de ce dimanche : \u00ab\u00a0Si quelqu&rsquo;un veut Me suivre, qu&rsquo;il renonce \u00e0 lui-m\u00eame, prenne sa croix et Me suive\u00a0\u00bb (Marc 8,34). Mais nous ne savons pas prendre notre croix et suivre le Christ \u00e0 moins que nous n&rsquo;ayons Sa Croix, qu&rsquo;Il a prise pour nous sauver. C&rsquo;est Sa Croix, et pas la n\u00f4tre, qui nous sauve. C&rsquo;est Sa Croix qui donne non seulement signification mais aussi puissance aux autres.<br \/>\n<em>cf. http:\/\/stmaterne.blogspot.com\/2007\/03\/p-schmemann-3me-dimanche-du-carme.html\u00a0 et aussi:\u00a0 Le Grand Car\u00eame, de P. Alexander Schmemann.\u00a0 (voir:\u00a0http:\/\/www.orthodoxie.com\/lire\/recension-alexandre-schmemann-le-grand-careme\/). <\/em><\/p>\n<p>&nbsp;<\/p>\n<p>&nbsp;<\/p>\n<h6><\/h6>\n","protected":false},"excerpt":{"rendered":"<p>Le troisi\u00e8me dimanche du grand Car\u00eame (qui tombe cette ann\u00e9e le 23 mars ) est celui de la sainte croix. On lit l&rsquo;\u00e9vangile selon saint Marc: 8,34-9,1 Durant ce dimanche, le service divin comprend un rituel sp\u00e9cifique de v\u00e9n\u00e9ration de la Croix qui pr\u00e9pare les fid\u00e8les \u00e0 la comm\u00e9moration de la Crucifixion du Christ durant &hellip; <a href=\"http:\/\/www.orthodoxie-reunion.com\/?p=826\" class=\"more-link\">Continuer la lecture de <span class=\"screen-reader-text\">Dimanche de la sainte croix<\/span><\/a><\/p>\n","protected":false},"author":1,"featured_media":0,"comment_status":"open","ping_status":"open","sticky":false,"template":"","format":"standard","meta":{"footnotes":""},"categories":[13],"tags":[],"class_list":["post-826","post","type-post","status-publish","format-standard","hentry","category-calendrier-liturgique"],"_links":{"self":[{"href":"http:\/\/www.orthodoxie-reunion.com\/index.php?rest_route=\/wp\/v2\/posts\/826","targetHints":{"allow":["GET"]}}],"collection":[{"href":"http:\/\/www.orthodoxie-reunion.com\/index.php?rest_route=\/wp\/v2\/posts"}],"about":[{"href":"http:\/\/www.orthodoxie-reunion.com\/index.php?rest_route=\/wp\/v2\/types\/post"}],"author":[{"embeddable":true,"href":"http:\/\/www.orthodoxie-reunion.com\/index.php?rest_route=\/wp\/v2\/users\/1"}],"replies":[{"embeddable":true,"href":"http:\/\/www.orthodoxie-reunion.com\/index.php?rest_route=%2Fwp%2Fv2%2Fcomments&post=826"}],"version-history":[{"count":2,"href":"http:\/\/www.orthodoxie-reunion.com\/index.php?rest_route=\/wp\/v2\/posts\/826\/revisions"}],"predecessor-version":[{"id":828,"href":"http:\/\/www.orthodoxie-reunion.com\/index.php?rest_route=\/wp\/v2\/posts\/826\/revisions\/828"}],"wp:attachment":[{"href":"http:\/\/www.orthodoxie-reunion.com\/index.php?rest_route=%2Fwp%2Fv2%2Fmedia&parent=826"}],"wp:term":[{"taxonomy":"category","embeddable":true,"href":"http:\/\/www.orthodoxie-reunion.com\/index.php?rest_route=%2Fwp%2Fv2%2Fcategories&post=826"},{"taxonomy":"post_tag","embeddable":true,"href":"http:\/\/www.orthodoxie-reunion.com\/index.php?rest_route=%2Fwp%2Fv2%2Ftags&post=826"}],"curies":[{"name":"wp","href":"https:\/\/api.w.org\/{rel}","templated":true}]}}