{"id":807,"date":"2014-03-08T11:26:02","date_gmt":"2014-03-08T11:26:02","guid":{"rendered":"http:\/\/www.orthodoxie-reunion.com\/?p=807"},"modified":"2014-03-14T23:25:07","modified_gmt":"2014-03-14T23:25:07","slug":"dimanche-de-lorthodoxie","status":"publish","type":"post","link":"http:\/\/www.orthodoxie-reunion.com\/?p=807","title":{"rendered":"Dimanche de l&rsquo;Orthodoxie"},"content":{"rendered":"<p align=\"center\"><img loading=\"lazy\" decoding=\"async\" alt=\"\" src=\"http:\/\/holytrinityfamily.org\/images\/Sinksar\/Bible_2.jpg\" width=\"400\" height=\"325\" align=\"center\" \/><\/p>\n<p>L&rsquo;\u00e9vangile de ce jour est celui selon Saint Jean 1:43-51Le premier dimanche du Grand Car\u00eame, ce voyage vers le Royaume, tombe cette ann\u00e9e le 9 mars et s&rsquo;appelle le dimanche de l&rsquo;Orthodoxie (ou dimanche des Ic\u00f4nes). Il comm\u00e9more le r\u00e9tablissement des ic\u00f4nes Ce dimanche c\u00e9l\u00e8bre la victoire de l&rsquo;orthodoxie sur l&rsquo;iconoclasme c&rsquo;est-\u00e0-dire le r\u00e9tablissement de la v\u00e9n\u00e9ration des ic\u00f4nes au sein de l&rsquo;\u00c9glise. Cette f\u00eate fut institu\u00e9e le 11 mars 843. L&rsquo;iconoclasme \u2013interdiction de la v\u00e9n\u00e9ration des ic\u00f4nes du Christ, de la Vierge et des saints \u2013 est consid\u00e9r\u00e9 comme une erreur par l&rsquo;\u00c9glise orthodoxe. (cf. http:\/\/fr.wikipedia.org\/wiki\/Dimanche_de_l%27Orthodoxie). Le r\u00e9tablissement des Saintes Ic\u00f4nes a eu lieu sous le r\u00e8gne de Michel, empereur de Constantinople, et de sa m\u00e8re Th\u00e9odora, d&rsquo;\u00e9ternelle m\u00e9moire, sous le pontificat du Saint Patriarche et Confesseur M\u00e9thode. De nos jours, le Dimanche de l\u2019Orthodoxie est la f\u00eate de la manifestation de l\u2019unit\u00e9\u00a0de l&rsquo;Orthodoxie dans tous les pays o\u00f9 elle existe. C\u2019est en ce sens qu\u2019elle est \u00e9galement appel\u00e9e la f\u00eate du triomphe de l\u2019Orthodoxie<i>, <\/i>le t\u00e9moignage de sa pr\u00e9sence universelle dans le monde, confessant une m\u00eame foi, vivant un m\u00eame dogme, unie dans une m\u00eame spiritualit\u00e9, transmise par le Christ et les Ap\u00f4tres. (cf.http:\/\/www.sthermogene.com\/documents\/triomphe-de-l-orthodoxie).<\/p>\n<p>43 Le lendemain, J\u00e9sus r\u00e9solut de partir pour la Galil\u00e9e\u00a0; il rencontre Philippe et lui dit\u00a0: \u00ab\u00a0Suis-moi\u00a0\u00a0!\u00a0\u00bb<\/p>\n<p>44 Philippe \u00e9tait de Bethsa\u00efde, la ville d&rsquo;Andr\u00e9 et de Pierre.<\/p>\n<p>45 Philippe rencontre Nathana\u00ebl et lui dit\u00a0: \u00ab\u00a0Celui dont Mo\u00efse a \u00e9crit dans la Loi, ainsi que les proph\u00e8tes, nous l&rsquo;avons trouv\u00e9\u00a0: J\u00e9sus, le fils de Joseph, de Nazareth.\u00a0\u00bb<\/p>\n<p>46 Nathana\u00ebl lui dit\u00a0: \u00ab\u00a0De Nazareth, peut-il sortir quelque chose de bon ?\u00a0\u00bb Philippe lui dit\u00a0: \u00ab\u00a0Viens et vois.\u00a0\u00bb<\/p>\n<p>47 J\u00e9sus vit Nathana\u00ebl venir vers lui et il dit de lui\u00a0: \u00ab\u00a0Voici vraiment un Isra\u00e9lite sans d\u00e9tours.\u00a0\u00bb<\/p>\n<p>48 Nathana\u00ebl lui dit\u00a0: \u00ab\u00a0D&rsquo;o\u00f9 me connais-tu ?\u00a0\u00bb J\u00e9sus lui r\u00e9pondit\u00a0: \u00ab\u00a0Avant que Philippe t&rsquo;appel\u00e2t, quant tu \u00e9tais sous le figuier, je t&rsquo;ai vu.\u00a0\u00bb<\/p>\n<p>49 Nathana\u00ebl reprit\u00a0: \u00ab\u00a0Rabbi, tu es le Fils de Dieu, tu es le roi d&rsquo;Isra\u00ebl.\u00a0\u00bb<\/p>\n<p>50 J\u00e9sus lui r\u00e9pondit\u00a0: \u00ab\u00a0Parce que je t&rsquo;ai dit\u00a0: Je t&rsquo;ai vu sous le figuier, tu crois\u00a0\u00a0! Tu verras mieux encore.\u00a0\u00bb<\/p>\n<p>51 Et il lui dit\u00a0: \u00ab\u00a0En v\u00e9rit\u00e9, en v\u00e9rit\u00e9, je vous le dis, vous verrez le ciel ouvert et les anges de Dieu monter et descendre au-dessus du Fils de l&rsquo;homme.\u00a0\u00bb<\/p>\n<p><em>Tropaire: Nous v\u00e9n\u00e9rons Ton Ic\u00f4ne immacul\u00e9e, \u00f4 Toi qui es bon, en demandant le pardon de nos fautes, Christ notre Dieu. C&rsquo;est volontairement que dans Ta chair, Tu as daign\u00e9 monter sur la Croix afin de d\u00e9livrer de la servitude de l&rsquo;ennemi ceux que Tu as cr\u00e9\u00e9s. Aussi nous Te crions avec actions de gr\u00e2ces: Tu as rempli de joie tout l&rsquo;univers, \u00f4 notre Sauveur, en venant sauver le monde.<\/em><\/p>\n<p><em>Kondak: Le Verbe infini du P\u00e8re s&rsquo;est limit\u00e9 en s&rsquo;incarnant dans ton sein, \u00f4 M\u00e8re de Dieu. Il a r\u00e9tabli l&rsquo;image souill\u00e9e en y m\u00ealant la divine beaut\u00e9. Confessons le salut et r\u00e9alisons-le en paroles et en actes.<\/em><\/p>\n","protected":false},"excerpt":{"rendered":"<p>L&rsquo;\u00e9vangile de ce jour est celui selon Saint Jean 1:43-51Le premier dimanche du Grand Car\u00eame, ce voyage vers le Royaume, tombe cette ann\u00e9e le 9 mars et s&rsquo;appelle le dimanche de l&rsquo;Orthodoxie (ou dimanche des Ic\u00f4nes). Il comm\u00e9more le r\u00e9tablissement des ic\u00f4nes Ce dimanche c\u00e9l\u00e8bre la victoire de l&rsquo;orthodoxie sur l&rsquo;iconoclasme c&rsquo;est-\u00e0-dire le r\u00e9tablissement de &hellip; <a href=\"http:\/\/www.orthodoxie-reunion.com\/?p=807\" class=\"more-link\">Continuer la lecture de <span class=\"screen-reader-text\">Dimanche de l&rsquo;Orthodoxie<\/span><\/a><\/p>\n","protected":false},"author":1,"featured_media":0,"comment_status":"open","ping_status":"open","sticky":false,"template":"","format":"standard","meta":{"footnotes":""},"categories":[13],"tags":[],"class_list":["post-807","post","type-post","status-publish","format-standard","hentry","category-calendrier-liturgique"],"_links":{"self":[{"href":"http:\/\/www.orthodoxie-reunion.com\/index.php?rest_route=\/wp\/v2\/posts\/807","targetHints":{"allow":["GET"]}}],"collection":[{"href":"http:\/\/www.orthodoxie-reunion.com\/index.php?rest_route=\/wp\/v2\/posts"}],"about":[{"href":"http:\/\/www.orthodoxie-reunion.com\/index.php?rest_route=\/wp\/v2\/types\/post"}],"author":[{"embeddable":true,"href":"http:\/\/www.orthodoxie-reunion.com\/index.php?rest_route=\/wp\/v2\/users\/1"}],"replies":[{"embeddable":true,"href":"http:\/\/www.orthodoxie-reunion.com\/index.php?rest_route=%2Fwp%2Fv2%2Fcomments&post=807"}],"version-history":[{"count":4,"href":"http:\/\/www.orthodoxie-reunion.com\/index.php?rest_route=\/wp\/v2\/posts\/807\/revisions"}],"predecessor-version":[{"id":813,"href":"http:\/\/www.orthodoxie-reunion.com\/index.php?rest_route=\/wp\/v2\/posts\/807\/revisions\/813"}],"wp:attachment":[{"href":"http:\/\/www.orthodoxie-reunion.com\/index.php?rest_route=%2Fwp%2Fv2%2Fmedia&parent=807"}],"wp:term":[{"taxonomy":"category","embeddable":true,"href":"http:\/\/www.orthodoxie-reunion.com\/index.php?rest_route=%2Fwp%2Fv2%2Fcategories&post=807"},{"taxonomy":"post_tag","embeddable":true,"href":"http:\/\/www.orthodoxie-reunion.com\/index.php?rest_route=%2Fwp%2Fv2%2Ftags&post=807"}],"curies":[{"name":"wp","href":"https:\/\/api.w.org\/{rel}","templated":true}]}}