{"id":802,"date":"2014-03-01T13:27:00","date_gmt":"2014-03-01T13:27:00","guid":{"rendered":"http:\/\/www.orthodoxie-reunion.com\/?p=802"},"modified":"2014-03-01T13:27:00","modified_gmt":"2014-03-01T13:27:00","slug":"dimanche-du-pardon","status":"publish","type":"post","link":"http:\/\/www.orthodoxie-reunion.com\/?p=802","title":{"rendered":"Dimanche du pardon"},"content":{"rendered":"<p>Ce dimanche 3 mars correspond au dimanche du pardon, 7 semaines avant P\u00e2ques et dernier jour o\u00f9 l&rsquo;on mange des laitages. Le Grand Car\u00eame commence avec les v\u00eapres du pardon que l&rsquo;on c\u00e9l\u00e8bre dans les \u00e9glises orthodoxes. Ce dimanche s&rsquo;appelle aussi dimanche de l&rsquo;expulsion d&rsquo;Adam. Ce dimanche ferme la p\u00e9riode de l&rsquo;avant-car\u00eame qui a commenc\u00e9 avec le dimanche du publicain et du pharisien. Nous faisons m\u00e9moire de l\u2019expulsion d\u2019Adam du Paradis. Les deux th\u00e8mes de la repentance et du je\u00fbne sont unis\u00a0 car le premier commandement que Dieu donna \u00e0 Adam et Eve fut de je\u00fbner en s\u2019abstenant du fruit de l\u2019arbre de la connaissance du bien et du mal. Ayant viol\u00e9 ce commandement et ayant \u00e9t\u00e9 expuls\u00e9 du Paradis, Adam s\u2019assit \u00e0 l\u2019oppos\u00e9 du Paradis et pleura. Car ce n\u2019est que par le je\u00fbne et la repentance que l\u2019on peut atteindre le Paradis. Par ailleurs \u00e0 l&rsquo;issue des v\u00eapres du pardon on demande pardon aux personnes que nous aurions vex\u00e9 ou offens\u00e9, et m\u00eame \u00e0 tous ceux qui nous sont proches. En 2013 nous avons pu c\u00e9l\u00e9brer cet office avec le P. Jean; cette ann\u00e9e nous devrions avoir la liturgie du premier dimanche du Grand Car\u00eame, le dimanche 9 mars et qui s&rsquo;appelle le dimanche des Ic\u00f4nes ou bien dimanche de l&rsquo;Orthodoxie.<\/p>\n<p>&nbsp;<\/p>\n<p>&nbsp;<\/p>\n<p>L&rsquo;\u00e9vangile du jour est celui de Mathieu 6: 14-21<\/p>\n<h2>L\u00e0 o\u00f9 est ton tr\u00e9sor, l\u00e0 sera aussi ton c\u0153ur<\/h2>\n<p>14\u00a0En effet, si vous pardonnez aux autres leurs fautes, votre P\u00e8re c\u00e9leste vous pardonnera aussi.<\/p>\n<p>15\u00a0Mais si vous ne pardonnez pas aux hommes, votre P\u00e8re ne vous pardonnera pas non plus vos fautes.<\/p>\n<p>16\u00a0\u2014 Lorsque vous je\u00fbnez, n\u2019ayez pas, comme les hypocrites, une mine triste. Pour bien montrer \u00e0 tout le monde qu\u2019ils je\u00fbnent, ils prennent des visages d\u00e9faits. Vraiment, je vous l\u2019assure\u00a0: leur r\u00e9compense, ils l\u2019ont d\u2019ores et d\u00e9j\u00e0 re\u00e7ue\u00a0!<\/p>\n<p>17\u00a0Toi, au contraire, si tu veux je\u00fbner, parfume tes cheveux et lave ton visage<\/p>\n<p>18\u00a0pour que personne ne se rende compte que tu es en train de je\u00fbner. Que ce soit un secret entre toi et ton P\u00e8re qui est l\u00e0 dans le lieu secret. Alors ton P\u00e8re, qui voit ce qui se fait en secret, te le rendra.<\/p>\n<p>19\u00a0\u2014 Ne vous amassez pas des richesses sur la terre o\u00f9 elles sont \u00e0 la merci de la rouille, des mites qui rongent, ou des cambrioleurs qui percent les murs pour voler. (Lc 12.33-34)<\/p>\n<p>20\u00a0Amassez-vous plut\u00f4t des tr\u00e9sors dans le ciel, o\u00f9 il n\u2019y a ni rouille, ni mites qui rongent, ni cambrioleurs qui percent les murs pour voler.<\/p>\n<p>21\u00a0Car l\u00e0 o\u00f9 est ton tr\u00e9sor, l\u00e0 sera aussi ton c\u0153ur.<\/p>\n<p><em>Kondak: Guide de la sagesse, Dispensateur de l&rsquo;intelligence, P\u00e9dagogue des insens\u00e9s, Protecteur des pauvres, \u00f4 Ma\u00eetre. Donne-moi la parole, \u00f4 Toi Verbe du P\u00e8re, car je ne puis retenir mes l\u00e8vres de Te crier: Aie piti\u00e9 de Ta cr\u00e9ature d\u00e9chue, \u00f4 Mis\u00e9ricordieux.<\/em><\/p>\n","protected":false},"excerpt":{"rendered":"<p>Ce dimanche 3 mars correspond au dimanche du pardon, 7 semaines avant P\u00e2ques et dernier jour o\u00f9 l&rsquo;on mange des laitages. Le Grand Car\u00eame commence avec les v\u00eapres du pardon que l&rsquo;on c\u00e9l\u00e8bre dans les \u00e9glises orthodoxes. Ce dimanche s&rsquo;appelle aussi dimanche de l&rsquo;expulsion d&rsquo;Adam. Ce dimanche ferme la p\u00e9riode de l&rsquo;avant-car\u00eame qui a commenc\u00e9 &hellip; <a href=\"http:\/\/www.orthodoxie-reunion.com\/?p=802\" class=\"more-link\">Continuer la lecture de <span class=\"screen-reader-text\">Dimanche du pardon<\/span><\/a><\/p>\n","protected":false},"author":1,"featured_media":0,"comment_status":"open","ping_status":"open","sticky":false,"template":"","format":"standard","meta":{"footnotes":""},"categories":[13],"tags":[],"class_list":["post-802","post","type-post","status-publish","format-standard","hentry","category-calendrier-liturgique"],"_links":{"self":[{"href":"http:\/\/www.orthodoxie-reunion.com\/index.php?rest_route=\/wp\/v2\/posts\/802","targetHints":{"allow":["GET"]}}],"collection":[{"href":"http:\/\/www.orthodoxie-reunion.com\/index.php?rest_route=\/wp\/v2\/posts"}],"about":[{"href":"http:\/\/www.orthodoxie-reunion.com\/index.php?rest_route=\/wp\/v2\/types\/post"}],"author":[{"embeddable":true,"href":"http:\/\/www.orthodoxie-reunion.com\/index.php?rest_route=\/wp\/v2\/users\/1"}],"replies":[{"embeddable":true,"href":"http:\/\/www.orthodoxie-reunion.com\/index.php?rest_route=%2Fwp%2Fv2%2Fcomments&post=802"}],"version-history":[{"count":1,"href":"http:\/\/www.orthodoxie-reunion.com\/index.php?rest_route=\/wp\/v2\/posts\/802\/revisions"}],"predecessor-version":[{"id":803,"href":"http:\/\/www.orthodoxie-reunion.com\/index.php?rest_route=\/wp\/v2\/posts\/802\/revisions\/803"}],"wp:attachment":[{"href":"http:\/\/www.orthodoxie-reunion.com\/index.php?rest_route=%2Fwp%2Fv2%2Fmedia&parent=802"}],"wp:term":[{"taxonomy":"category","embeddable":true,"href":"http:\/\/www.orthodoxie-reunion.com\/index.php?rest_route=%2Fwp%2Fv2%2Fcategories&post=802"},{"taxonomy":"post_tag","embeddable":true,"href":"http:\/\/www.orthodoxie-reunion.com\/index.php?rest_route=%2Fwp%2Fv2%2Ftags&post=802"}],"curies":[{"name":"wp","href":"https:\/\/api.w.org\/{rel}","templated":true}]}}