{"id":782,"date":"2014-02-16T04:48:55","date_gmt":"2014-02-16T04:48:55","guid":{"rendered":"http:\/\/www.orthodoxie-reunion.com\/?p=782"},"modified":"2014-02-16T04:48:55","modified_gmt":"2014-02-16T04:48:55","slug":"dimanche-du-fils-prodigue","status":"publish","type":"post","link":"http:\/\/www.orthodoxie-reunion.com\/?p=782","title":{"rendered":"Dimanche du fils prodigue"},"content":{"rendered":"<p>Le dimanche 16 f\u00e9vrier 2014 est le dimanche du fils prodigue. Ce dimanche est situ\u00e9 9 semaines avant P\u00e2ques.\u00a0 La semaine qui suit n&rsquo;est pas une semaine de je\u00fbne, mais c&rsquo;est la derni\u00e8re o\u00f9 l&rsquo;on peut manger de la viande (sauf comme d&rsquo;habitude le mercredi et le vendredi qui sont les jours de je\u00fbne hebdomadaires).\u00a0L&rsquo;\u00e9vangile du jour est celui de Luc:<\/p>\n<h6>Chapitre\u00a0XV versets 11 \u00e0 32<\/h6>\n<h2><b>Le Fils prodigue et le Fils fid\u00e8le <\/b><\/h2>\n<p><img loading=\"lazy\" decoding=\"async\" alt=\"ic\u00f4ne du Fils prodigue\" src=\"http:\/\/www.crypte.fr\/eicones\/filsprodigue.jpg\" width=\"150\" height=\"201\" align=\"left\" \/>11 Il dit encore\u00a0: \u00ab\u00a0Un homme avait deux fils.<\/p>\n<p>12 Le plus jeune dit \u00e0 son p\u00e8re\u00a0: P\u00e8re, donne-moi la part de fortune qui me revient. Et le p\u00e8re leur partagea son bien.<\/p>\n<p>13 Peu de jours apr\u00e8s, rassemblant tout son avoir, le plus jeune fils partit pour un pays lointain et y dissipa son bien en vivant dans l&rsquo;inconduite.<\/p>\n<p>14 \u00ab\u00a0Quand il eut tout d\u00e9pens\u00e9, une famine s\u00e9v\u00e8re survint en cette contr\u00e9e et il commen\u00e7a \u00e0 sentir la privation.<\/p>\n<p>15 Il alla se mettre au service d&rsquo;un des habitants de cette contr\u00e9e, qui l&rsquo;envoya dans ses champs garder les cochons .<\/p>\n<p>16 Il aurait bien voulu se remplir le ventre des caroubes que mangeaient les cochons, et personne ne lui en donnait.<\/p>\n<p>17 Rentrant alors en lui-m\u00eame, il se dit\u00a0: Combien de mercenaires de mon p\u00e8re ont du pain en surabondance, et moi je suis ici \u00e0 p\u00e9rir de faim\u00a0\u00a0!<\/p>\n<p>18 Je veux partir, aller vers mon p\u00e8re et lui dire\u00a0: P\u00e8re, j&rsquo;ai p\u00e9ch\u00e9 contre le Ciel et envers toi\u00a0;<\/p>\n<p>19 je ne m\u00e9rite plus d&rsquo;\u00eatre appel\u00e9 ton fils, traite-moi comme l&rsquo;un de tes mercenaires.<\/p>\n<p>20 Il partit donc et s&rsquo;en alla vers son p\u00e8re. \u00ab\u00a0Tandis qu&rsquo;il \u00e9tait encore loin, son p\u00e8re l&rsquo;aper\u00e7ut et fut pris de piti\u00e9\u00a0; il courut se jeter \u00e0 son cou et l&#8217;embrassa tendrement.<\/p>\n<p>21 Le fils alors lui dit\u00a0: P\u00e8re, j&rsquo;ai p\u00e9ch\u00e9 contre le Ciel et envers toi, je ne m\u00e9rite plus d&rsquo;\u00eatre appel\u00e9 ton fils.<\/p>\n<p>22 Mais le p\u00e8re dit \u00e0 ses serviteurs\u00a0: Vite, apportez la plus belle robe et l&rsquo;en rev\u00eatez, mettez-lui un anneau au doigt et des chaussures aux pieds.<\/p>\n<p>23 Amenez le veau gras, tuez-le, mangeons et festoyons,<\/p>\n<p>24 car mon fils que voil\u00e0 \u00e9tait mort et il est revenu \u00e0 la vie\u00a0; il \u00e9tait perdu et il est retrouv\u00e9\u00a0\u00a0! Et ils se mirent \u00e0 festoyer.<\/p>\n<p>25 \u00ab\u00a0Son fils a\u00een\u00e9 \u00e9tait aux champs. Quand, \u00e0 son retour, il fut pr\u00e8s de la maison, il entendit de la musique et des danses.<\/p>\n<p>26 Appelant un des serviteurs, il s&rsquo;enqu\u00e9rait de ce que cela pouvait bien \u00eatre.<\/p>\n<p>27 Celui-ci lui dit\u00a0: \u00ab\u00a0C&rsquo;est ton fr\u00e8re qui est arriv\u00e9, et ton p\u00e8re a tu\u00e9 le veau gras, parce qu&rsquo;il l&rsquo;a recouvr\u00e9 en bonne sant\u00e9\u00a0\u00bb.<\/p>\n<p>28 Il se mit alors en col\u00e8re, et il refusait d&rsquo;entrer. Son p\u00e8re sortit l&rsquo;en prier.<\/p>\n<p>29 Mais il r\u00e9pondit \u00e0 son p\u00e8re\u00a0: \u00ab\u00a0Voil\u00e0 tant d&rsquo;ann\u00e9es que je te sers, sans avoir jamais transgress\u00e9 un seul de tes ordres, et jamais tu ne m&rsquo;as donn\u00e9 un chevreau, \u00e0 moi, pour festoyer avec mes amis\u00a0;<\/p>\n<p>30 et puis ton fils que voici revient-il, apr\u00e8s avoir d\u00e9vor\u00e9 ton bien avec des prostitu\u00e9es, tu fais tuer pour lui le veau gras\u00a0\u00a0!\u00a0\u00bb<\/p>\n<p>31 Mais le p\u00e8re lui dit\u00a0: \u00ab\u00a0Toi, mon enfant, tu es toujours avec moi, et tout ce qui est \u00e0 moi est \u00e0 toi.<\/p>\n<p>32 Mais il fallait bien festoyer et se r\u00e9jouir, puisque ton fr\u00e8re que voil\u00e0 \u00e9tait mort et il est revenu \u00e0 la vie\u00a0; il \u00e9tait perdu et il est retrouv\u00e9\u00a0\u00a0!\u00a0\u00bb<\/p>\n<h4><em>Kondak:<\/em><\/h4>\n<p><em>J&rsquo;ai d\u00e9laiss\u00e9 insens\u00e9, la gloire paternelle et dissip\u00e9 dans les vices le tr\u00e9sor qui me fut confi\u00e9. Par la voix du prodigue je crie vers Toi: j&rsquo;ai p\u00each\u00e9 contre Toi, \u00f4 P\u00e8re des mis\u00e9ricordes, accueille-moi p\u00e9nitent et traite-moi comme l&rsquo;un de tes serviteurs.<\/em><\/p>\n<p>&nbsp;<\/p>\n","protected":false},"excerpt":{"rendered":"<p>Le dimanche 16 f\u00e9vrier 2014 est le dimanche du fils prodigue. Ce dimanche est situ\u00e9 9 semaines avant P\u00e2ques.\u00a0 La semaine qui suit n&rsquo;est pas une semaine de je\u00fbne, mais c&rsquo;est la derni\u00e8re o\u00f9 l&rsquo;on peut manger de la viande (sauf comme d&rsquo;habitude le mercredi et le vendredi qui sont les jours de je\u00fbne hebdomadaires).\u00a0L&rsquo;\u00e9vangile &hellip; <a href=\"http:\/\/www.orthodoxie-reunion.com\/?p=782\" class=\"more-link\">Continuer la lecture de <span class=\"screen-reader-text\">Dimanche du fils prodigue<\/span><\/a><\/p>\n","protected":false},"author":1,"featured_media":0,"comment_status":"open","ping_status":"open","sticky":false,"template":"","format":"standard","meta":{"footnotes":""},"categories":[1],"tags":[],"class_list":["post-782","post","type-post","status-publish","format-standard","hentry","category-non-classe"],"_links":{"self":[{"href":"http:\/\/www.orthodoxie-reunion.com\/index.php?rest_route=\/wp\/v2\/posts\/782","targetHints":{"allow":["GET"]}}],"collection":[{"href":"http:\/\/www.orthodoxie-reunion.com\/index.php?rest_route=\/wp\/v2\/posts"}],"about":[{"href":"http:\/\/www.orthodoxie-reunion.com\/index.php?rest_route=\/wp\/v2\/types\/post"}],"author":[{"embeddable":true,"href":"http:\/\/www.orthodoxie-reunion.com\/index.php?rest_route=\/wp\/v2\/users\/1"}],"replies":[{"embeddable":true,"href":"http:\/\/www.orthodoxie-reunion.com\/index.php?rest_route=%2Fwp%2Fv2%2Fcomments&post=782"}],"version-history":[{"count":1,"href":"http:\/\/www.orthodoxie-reunion.com\/index.php?rest_route=\/wp\/v2\/posts\/782\/revisions"}],"predecessor-version":[{"id":783,"href":"http:\/\/www.orthodoxie-reunion.com\/index.php?rest_route=\/wp\/v2\/posts\/782\/revisions\/783"}],"wp:attachment":[{"href":"http:\/\/www.orthodoxie-reunion.com\/index.php?rest_route=%2Fwp%2Fv2%2Fmedia&parent=782"}],"wp:term":[{"taxonomy":"category","embeddable":true,"href":"http:\/\/www.orthodoxie-reunion.com\/index.php?rest_route=%2Fwp%2Fv2%2Fcategories&post=782"},{"taxonomy":"post_tag","embeddable":true,"href":"http:\/\/www.orthodoxie-reunion.com\/index.php?rest_route=%2Fwp%2Fv2%2Ftags&post=782"}],"curies":[{"name":"wp","href":"https:\/\/api.w.org\/{rel}","templated":true}]}}