{"id":777,"date":"2014-02-10T11:24:11","date_gmt":"2014-02-10T11:24:11","guid":{"rendered":"http:\/\/www.orthodoxie-reunion.com\/?p=777"},"modified":"2014-02-10T11:24:11","modified_gmt":"2014-02-10T11:24:11","slug":"dimanche-du-publicain-et-du-pharisien","status":"publish","type":"post","link":"http:\/\/www.orthodoxie-reunion.com\/?p=777","title":{"rendered":"Dimanche du publicain et du pharisien"},"content":{"rendered":"<p>Le dimanche 9 f\u00e9vrier marque le d\u00e9but du cycle du Triode du grand Car\u00eame pour l&rsquo;ann\u00e9e 2014.<\/p>\n<p>Le triode commence avec le dimanche du publicain et du pharisien (Luc 18; 9-14).<\/p>\n<p><b><i>9<\/i><\/b><i>Et il dit aussi, \u00e0 certains qui mettaient leur confiance en eux-m\u00eames du fait qu\u2019ils \u00e9taient des justes et qui m\u00e9prisaient les autres, cette parabole\u00a0:<\/i><\/p>\n<p><b><i>10<\/i><\/b><i>\u00a0\u00bb Deux hommes mont\u00e8rent au Temple pour prier\u00a0; l&rsquo;un \u00e9tait pharisien et l&rsquo;autre publicain\u00a0. <\/i><b><i>11<\/i><\/b><i> \u00a0\u00bb Le pharisien, se tenant debout, priait ainsi en lui-m\u00eame\u00a0: \u00a0\u00bb Dieu, je te rends gr\u00e2ce de ce que je ne suis pas comme le reste des hommes, rapaces, injustes, adult\u00e8res, ou encore comme ce publicain. \u00ab\u00a0<\/i><b><i>12<\/i><\/b><i>\u00a0\u00bb Je je\u00fbne deux fois la semaine, j\u2019acquitte la d\u00eeme de tout ce que j\u2019acquiers. \u00a0\u00bb <\/i><\/p>\n<p><b><i>13<\/i><\/b><i> \u00a0\u00bb Le publicain, se tenant \u00e0 distance, ne voulait m\u00eame pas lever les yeux au ciel, mais il se frappait la poitrine en disant\u00a0: \u00a0\u00bb Dieu, sois favorable au p\u00e9cheur que je suis. \u00ab\u00a0<\/i><\/p>\n<p><b><i>14<\/i><\/b><i> Je vous le dis\u00a0: celui-ci redescendit justifi\u00e9 dans sa maison, mais non celui-l\u00e0, car quiconque s&rsquo;\u00e9l\u00e8ve sera abaiss\u00e9, mais qui s&rsquo;abaisse sera \u00e9lev\u00e9. \u00ab\u00a0<\/i><\/p>\n<p>&nbsp;<\/p>\n<p>Kondak du dimanche:<\/p>\n<p><em>Fuyons l&rsquo;orgueil du pharisien et apprenons du publicain l&rsquo;humilit\u00e9, criant dans nos soupirs au Sauveur; purifie-nous \u00f4 Toi seul qui te laisses fl\u00e9chir.<\/em><\/p>\n<p>La semaine qui suit ce dimanche est une semaine sans j\u00eaune.<\/p>\n","protected":false},"excerpt":{"rendered":"<p>Le dimanche 9 f\u00e9vrier marque le d\u00e9but du cycle du Triode du grand Car\u00eame pour l&rsquo;ann\u00e9e 2014. Le triode commence avec le dimanche du publicain et du pharisien (Luc 18; 9-14). 9Et il dit aussi, \u00e0 certains qui mettaient leur confiance en eux-m\u00eames du fait qu\u2019ils \u00e9taient des justes et qui m\u00e9prisaient les autres, cette &hellip; <a href=\"http:\/\/www.orthodoxie-reunion.com\/?p=777\" class=\"more-link\">Continuer la lecture de <span class=\"screen-reader-text\">Dimanche du publicain et du pharisien<\/span><\/a><\/p>\n","protected":false},"author":1,"featured_media":0,"comment_status":"open","ping_status":"open","sticky":false,"template":"","format":"standard","meta":{"footnotes":""},"categories":[1],"tags":[],"class_list":["post-777","post","type-post","status-publish","format-standard","hentry","category-non-classe"],"_links":{"self":[{"href":"http:\/\/www.orthodoxie-reunion.com\/index.php?rest_route=\/wp\/v2\/posts\/777","targetHints":{"allow":["GET"]}}],"collection":[{"href":"http:\/\/www.orthodoxie-reunion.com\/index.php?rest_route=\/wp\/v2\/posts"}],"about":[{"href":"http:\/\/www.orthodoxie-reunion.com\/index.php?rest_route=\/wp\/v2\/types\/post"}],"author":[{"embeddable":true,"href":"http:\/\/www.orthodoxie-reunion.com\/index.php?rest_route=\/wp\/v2\/users\/1"}],"replies":[{"embeddable":true,"href":"http:\/\/www.orthodoxie-reunion.com\/index.php?rest_route=%2Fwp%2Fv2%2Fcomments&post=777"}],"version-history":[{"count":1,"href":"http:\/\/www.orthodoxie-reunion.com\/index.php?rest_route=\/wp\/v2\/posts\/777\/revisions"}],"predecessor-version":[{"id":778,"href":"http:\/\/www.orthodoxie-reunion.com\/index.php?rest_route=\/wp\/v2\/posts\/777\/revisions\/778"}],"wp:attachment":[{"href":"http:\/\/www.orthodoxie-reunion.com\/index.php?rest_route=%2Fwp%2Fv2%2Fmedia&parent=777"}],"wp:term":[{"taxonomy":"category","embeddable":true,"href":"http:\/\/www.orthodoxie-reunion.com\/index.php?rest_route=%2Fwp%2Fv2%2Fcategories&post=777"},{"taxonomy":"post_tag","embeddable":true,"href":"http:\/\/www.orthodoxie-reunion.com\/index.php?rest_route=%2Fwp%2Fv2%2Ftags&post=777"}],"curies":[{"name":"wp","href":"https:\/\/api.w.org\/{rel}","templated":true}]}}