{"id":2773,"date":"2025-12-18T16:47:48","date_gmt":"2025-12-18T16:47:48","guid":{"rendered":"http:\/\/www.orthodoxie-reunion.com\/?p=2773"},"modified":"2025-12-18T16:48:50","modified_gmt":"2025-12-18T16:48:50","slug":"une-lettre-daiud-29-janvier-1946-envoyee-par-valeriu-a-sa-famille-le-saint-des-prisons-en-roumanie","status":"publish","type":"post","link":"http:\/\/www.orthodoxie-reunion.com\/?p=2773","title":{"rendered":"Une lettre d&rsquo;Aiud (29 janvier 1946), envoy\u00e9e par Valeriu Gafencu \u00e0 sa famille (le saint des prisons en Roumanie)"},"content":{"rendered":"\n<p>La vie est tout autre chose que ce que les gens imaginent. L\u2019homme lui-m\u00eame est tout autre chose que ce qu\u2019il s\u2019imagine \u00eatre. La V\u00e9rit\u00e9 est tout autre chose que ce que l\u2019esprit humain con\u00e7oit. Je veux \u00eatre sinc\u00e8re et ouvert, jusqu\u2019aux fibres les plus profondes de mon \u00e2me. D\u00e8s l&rsquo;instant o\u00f9 j&rsquo;ai mis le pied en prison, je me suis demand\u00e9 pourquoi j&rsquo;\u00e9tais enferm\u00e9. Dans le domaine de la vie sociale, au regard de mes relations avec le monde dans lequel je vivais, j&rsquo;avais toujours \u00e9t\u00e9 consid\u00e9r\u00e9 comme quelqu&rsquo;un de tr\u00e8s bien, un exemple de conduite morale. Si j&rsquo;entrais en conflit avec quelqu&rsquo;un, ce n&rsquo;\u00e9tait que par amour pour la V\u00e9rit\u00e9. Apr\u00e8s beaucoup de luttes et d&rsquo;agitations, apr\u00e8s beaucoup de douleur, quand la coupe de la souffrance fut pleine, vint un jour saint, en juin 1943, o\u00f9 je tombai par terre, \u00e0 genoux, le front contre le sol, le c\u0153ur bris\u00e9, dans une explosion de larmes. J&rsquo;ai demand\u00e9 \u00e0 Dieu de m&rsquo;accorder la lumi\u00e8re. Ce jour-l\u00e0, j&rsquo;avais perdu toute confiance en l&rsquo;Homme. Je comprenais parfaitement que j&rsquo;\u00e9tais dans le vrai, alors pourquoi souffrais-je ? Dans toute mon \u00e2me, pourtant pleine d&rsquo;une assurance fougueuse, il ne restait plus que l&rsquo;amour. Personne ne me comprenait.<\/p>\n\n\n\n<p>Dans mes pleurs prolong\u00e9s, je commen\u00e7ai \u00e0 faire des prosternations. Et soudain \u2014 \u00f4 Seigneur ! Que Tu es grand, \u00f4 Seigneur ! \u2014 je vis mon \u00e2me enti\u00e8re remplie de p\u00e9ch\u00e9s. J&rsquo;ai trouv\u00e9 en moi la racine de tous les p\u00e9ch\u00e9s humains. Oh, tant de p\u00e9ch\u00e9s, et les yeux de mon \u00e2me, endurcis par l&rsquo;orgueil, ne les avaient pas vus ! Que Dieu est grand ! Voyant tous mes p\u00e9ch\u00e9s, je ressentis le besoin de les crier \u00e0 haute voix, de les rejeter loin de moi. Et une paix profonde, une vague profonde de lumi\u00e8re et d&rsquo;amour se d\u00e9vers\u00e8rent dans mon c\u0153ur. D\u00e8s que la porte s&rsquo;ouvrit, je quittai ma cellule et j&rsquo;allai vers ceux que je savais m&rsquo;aimer le plus, ainsi que vers ceux qui me ha\u00efssaient et qui avaient le plus p\u00e9ch\u00e9 contre moi, et je leur confessai ouvertement et simplement : \u00ab Je suis l&rsquo;homme le plus p\u00e9cheur. Je ne m\u00e9rite pas la confiance du plus humble des hommes. Je suis b\u00e9ni ! \u00bb Tout le monde fut stup\u00e9fait. Certains me regardaient avec m\u00e9pris, d&rsquo;autres avec indiff\u00e9rence, et certains me regardaient avec un amour qu&rsquo;ils n&rsquo;auraient pas pu expliquer eux-m\u00eames. Une seule personne me dit : \u00ab Tu m\u00e9rites d&rsquo;\u00eatre embrass\u00e9 ! \u00bb Mais je m&rsquo;enfuis rapidement vers ma cellule, j&rsquo;enfouis ma t\u00eate dans mon oreiller et je continuai \u00e0 pleurer tout en remerciant et en glorifiant Dieu.<\/p>\n\n\n\n<p>Ce jour-l\u00e0, j&rsquo;ai commenc\u00e9 une lutte consciencieuse contre le p\u00e9ch\u00e9. Si seulement vous pouviez savoir combien la guerre contre le p\u00e9ch\u00e9 est difficile ! Je veux que vous sachiez que j&rsquo;ai beaucoup lutt\u00e9 contre le p\u00e9ch\u00e9, non seulement ici, mais aussi quand j&rsquo;\u00e9tais libre. [Ici, il t\u00e9moigne que, bien qu&rsquo;ayant \u00e9t\u00e9 tent\u00e9 physiquement, il n&rsquo;est pas tomb\u00e9, mais est rest\u00e9 pur.] En prison, j&rsquo;ai examin\u00e9 mon \u00e2me et j&rsquo;ai r\u00e9alis\u00e9 que, m\u00eame si je n&rsquo;avais pas p\u00e9ch\u00e9 en actes, j&rsquo;avais p\u00e9ch\u00e9 en paroles et surtout en pens\u00e9es. Apr\u00e8s un examen de conscience approfondi, je suis all\u00e9 voir un pr\u00eatre et je me suis confess\u00e9. Ma confession m&rsquo;a lib\u00e9r\u00e9. Et je m\u00e8ne une lutte continue. La lutte ne cesse pas avec la mort. Sans repentir, personne ne peut faire un seul pas en avant. Quiconque fuit la r\u00e9alit\u00e9 de sa propre \u00e2me est un menteur.<\/p>\n\n\n\n<p><em><strong>Qu&rsquo;est-ce que la vie ? C&rsquo;est un don de Dieu qui nous est accord\u00e9 afin de purifier nos \u00e2mes du p\u00e9ch\u00e9 et de nous pr\u00e9parer, par le Christ, \u00e0 recevoir la vie \u00e9ternelle. Qu&rsquo;est-ce que l&rsquo;Homme ? Un \u00eatre cr\u00e9\u00e9 par l&rsquo;amour illimit\u00e9 de Dieu et \u00e0 qui Dieu a donn\u00e9 le choix entre la saintet\u00e9 et la mort.<\/strong><\/em> Soyez tr\u00e8s prudents ! Dans la vie sociale, les gens se regardent et se jugent non pas selon ce qu&rsquo;ils sont par essence, mais selon ce qu&rsquo;ils semblent \u00eatre par la forme. N&rsquo;ayez aucune illusion sur l&rsquo;Homme \u2014 quiconque en a souffrira am\u00e8rement \u2014 mais aimez-le. Un seul est parfait, un seul est bon, un seul est pur : le Christ-Dieu ! Et maintenant : Qu&rsquo;est-ce que la V\u00e9rit\u00e9 ? La V\u00e9rit\u00e9 est le Christ, la Parole de Dieu. Cherchez \u00e0 vous rapprocher du Christ sinc\u00e8rement et laissez le monde et ses p\u00e9ch\u00e9s en paix !<\/p>\n\n\n\n<p>Source:<a href=\"https:\/\/orthochristian.com\/90761.html\">https:\/\/orthochristian.com\/90761.html<\/a><\/p>\n","protected":false},"excerpt":{"rendered":"<p>La vie est tout autre chose que ce que les gens imaginent. L\u2019homme lui-m\u00eame est tout autre chose que ce qu\u2019il s\u2019imagine \u00eatre. La V\u00e9rit\u00e9 est tout autre chose que ce que l\u2019esprit humain con\u00e7oit. Je veux \u00eatre sinc\u00e8re et ouvert, jusqu\u2019aux fibres les plus profondes de mon \u00e2me. D\u00e8s l&rsquo;instant o\u00f9 j&rsquo;ai mis le &hellip; <a href=\"http:\/\/www.orthodoxie-reunion.com\/?p=2773\" class=\"more-link\">Continuer la lecture de <span class=\"screen-reader-text\">Une lettre d&rsquo;Aiud (29 janvier 1946), envoy\u00e9e par Valeriu Gafencu \u00e0 sa famille (le saint des prisons en Roumanie)<\/span><\/a><\/p>\n","protected":false},"author":1,"featured_media":0,"comment_status":"open","ping_status":"open","sticky":false,"template":"","format":"standard","meta":{"footnotes":""},"categories":[1],"tags":[],"class_list":["post-2773","post","type-post","status-publish","format-standard","hentry","category-non-classe"],"_links":{"self":[{"href":"http:\/\/www.orthodoxie-reunion.com\/index.php?rest_route=\/wp\/v2\/posts\/2773","targetHints":{"allow":["GET"]}}],"collection":[{"href":"http:\/\/www.orthodoxie-reunion.com\/index.php?rest_route=\/wp\/v2\/posts"}],"about":[{"href":"http:\/\/www.orthodoxie-reunion.com\/index.php?rest_route=\/wp\/v2\/types\/post"}],"author":[{"embeddable":true,"href":"http:\/\/www.orthodoxie-reunion.com\/index.php?rest_route=\/wp\/v2\/users\/1"}],"replies":[{"embeddable":true,"href":"http:\/\/www.orthodoxie-reunion.com\/index.php?rest_route=%2Fwp%2Fv2%2Fcomments&post=2773"}],"version-history":[{"count":3,"href":"http:\/\/www.orthodoxie-reunion.com\/index.php?rest_route=\/wp\/v2\/posts\/2773\/revisions"}],"predecessor-version":[{"id":2776,"href":"http:\/\/www.orthodoxie-reunion.com\/index.php?rest_route=\/wp\/v2\/posts\/2773\/revisions\/2776"}],"wp:attachment":[{"href":"http:\/\/www.orthodoxie-reunion.com\/index.php?rest_route=%2Fwp%2Fv2%2Fmedia&parent=2773"}],"wp:term":[{"taxonomy":"category","embeddable":true,"href":"http:\/\/www.orthodoxie-reunion.com\/index.php?rest_route=%2Fwp%2Fv2%2Fcategories&post=2773"},{"taxonomy":"post_tag","embeddable":true,"href":"http:\/\/www.orthodoxie-reunion.com\/index.php?rest_route=%2Fwp%2Fv2%2Ftags&post=2773"}],"curies":[{"name":"wp","href":"https:\/\/api.w.org\/{rel}","templated":true}]}}