{"id":2762,"date":"2025-12-03T11:50:33","date_gmt":"2025-12-03T11:50:33","guid":{"rendered":"http:\/\/www.orthodoxie-reunion.com\/?p=2762"},"modified":"2025-12-03T11:50:33","modified_gmt":"2025-12-03T11:50:33","slug":"une-ermite-au-sinai","status":"publish","type":"post","link":"http:\/\/www.orthodoxie-reunion.com\/?p=2762","title":{"rendered":"Une ermite au Sinai"},"content":{"rendered":"\n<p><\/p>\n\n\n\n<p>Un jour, un groupe de p\u00e8lerins visita le monast\u00e8re de l&rsquo;Ancien Porphyrios Kavsokalivite \u00e0 Milesi. Parmi eux se trouvait une Fran\u00e7aise, professeure d&rsquo;histoire \u00e0 l&rsquo;universit\u00e9, ath\u00e9e convaincue et professant le nihilisme. Elle n&rsquo;attendait pas grand-chose d&rsquo;une rencontre avec un homme qui n&rsquo;avait fait que deux ans d&rsquo;\u00e9cole, mais \u00e0 la demande de ses amis, elle d\u00e9cida de s&rsquo;entretenir avec l&rsquo;Ancien.<\/p>\n\n\n\n<p>L&rsquo;Ancien Porphyrios insista pour qu&rsquo;ils parlent seuls, sans interpr\u00e8te. Apr\u00e8s une longue conversation, la Fran\u00e7aise quitta la cellule en larmes.<\/p>\n\n\n\n<p>Lorsqu&rsquo;on lui demanda comment elle avait compris les paroles de l&rsquo;Ancien, qui ne parlait que le grec, elle r\u00e9pondit, stup\u00e9faite : \u00ab Il parle couramment le fran\u00e7ais ! \u00bb<\/p>\n\n\n\n<p>Un m\u00e9decin allemand eut une rencontre similaire avec l&rsquo;Ancien, tout comme des p\u00e8lerins de Serbie, de Roumanie et d&rsquo;Irlande\u2026<\/p>\n\n\n\n<p>Plus tard, r\u00e9pondant aux questions de ses enfants spirituels, l&rsquo;Ancien Porphyrios expliqua ce miracle ainsi : \u00ab Je parle aux gens en grec et le Saint-Esprit interpr\u00e8te mes paroles dans leurs esprits et leurs c\u0153urs. \u00bb La langue du Saint-Esprit, jadis oubli\u00e9e par l&rsquo;orgueil des b\u00e2tisseurs de la tour de Babel, est r\u00e9v\u00e9l\u00e9e \u00e0 nouveau dans la Sainte \u00c9glise par des personnes saintes qui plaisent \u00e0 Dieu par leur vie juste.<\/p>\n\n\n\n<p>La rencontre avec une telle personne changea \u00e0 jamais la vie de la professeure d&rsquo;histoire <strong>Marie Madeleine le Beller<\/strong>. Quelques ann\u00e9es plus tard, elle renon\u00e7a \u00e0 la vie mondaine et choisit la voie de l&rsquo;asc\u00e9tisme solitaire dans le d\u00e9sert pr\u00e8s du monast\u00e8re du Sina\u00ef.<\/p>\n\n\n\n<h3 class=\"wp-block-heading\">Bapt\u00eame et d\u00e9but de la vie asc\u00e9tique de la moniale Marie-Madeleine<\/h3>\n\n\n\n<p>Marie Madeleine Le Beller, ancienne ath\u00e9e, se rendit en Terre Sainte et fut baptis\u00e9e dans le Jourdain en 1986. Elle avait 40 ans. Apr\u00e8s son bapt\u00eame, elle d\u00e9cida de consacrer sa vie \u00e0 Dieu et de vivre dans la solitude. Avant de franchir cette \u00e9tape importante, la future moniale re\u00e7ut la b\u00e9n\u00e9diction de l&rsquo;Ancien Porphyrios Kavsokalivite, de l&rsquo;Archimandrite Sophrony (Sakharov) et d&rsquo;autres asc\u00e8tes.<\/p>\n\n\n\n<p>Pendant longtemps, Marie pria saint Jean Climaque de lui montrer le bon chemin. Elle vendit ensuite sa maison \u00e0 Paris et acheta un terrain \u00e0 un B\u00e9douin dans le d\u00e9sert du Sina\u00ef, pr\u00e8s de la grotte de saint Jean, \u00e0 quelques kilom\u00e8tres du monast\u00e8re de Sainte-Catherine.<\/p>\n\n\n\n<p>Dans son ermitage, la Fran\u00e7aise \u00e9tait connue sous le nom de <strong>Moniale Marie-Madeleine<\/strong>. Ses exploits asc\u00e9tiques ne furent pas faciles : pendant la premi\u00e8re p\u00e9riode de sa vie au Sina\u00ef, elle v\u00e9cut sans abri, parmi les rochers et les blocs de pierre, avec seulement un sac de couchage. Ses seuls compagnons \u00e9taient des scorpions et des serpents venimeux. Beaucoup de gens l&rsquo;\u00e9vitaient et la croyaient mentalement malade.<\/p>\n\n\n\n<p>La parcelle de terrain achet\u00e9e par la moniale Marie ne comportait qu&rsquo;un caroubier et un puits. Au fil du temps, elle planta un verger de pommiers et d&rsquo;oliviers et construisit un ermitage : plusieurs cellules, une chapelle sur un rocher et un petit \u00e9tang.<\/p>\n\n\n\n<h3 class=\"wp-block-heading\">Une vie solitaire<\/h3>\n\n\n\n<p>Pendant longtemps, les relations de Marie-Madeleine avec les habitants du Monast\u00e8re furent compliqu\u00e9es. Certains moines la soutenaient, mais beaucoup pensaient qu&rsquo;elle ne devrait pas vivre seule dans le d\u00e9sert sans avoir d&rsquo;abord pass\u00e9 du temps comme novice au couvent de femmes de l&rsquo;oasis de Feiran.<\/p>\n\n\n\n<p>La foi de la Moniale fut alors renforc\u00e9e par le souvenir de la b\u00e9n\u00e9diction des Anciens. Lors de sa derni\u00e8re visite au Sina\u00ef, le V\u00e9n\u00e9rable Pa\u00efssios de la Sainte Montagne se rendit au monast\u00e8re de Feiran. Apr\u00e8s s&rsquo;\u00eatre entretenu avec la Moniale Marie, il lui donna sa b\u00e9n\u00e9diction pour une r\u00e8gle de pri\u00e8re sp\u00e9ciale et la vie solitaire d&rsquo;ermite.<\/p>\n\n\n\n<p>Dans l&rsquo;ermitage qu&rsquo;elle fonda, Marie-Madeleine mena une vie asc\u00e9tique simple, priant, s&rsquo;occupant du jardin et confectionnant des perles de chapelet. Dans ses derni\u00e8res ann\u00e9es, elle devint sculptrice sur bois et d\u00e9cora la chapelle avec des ic\u00f4nes. Les dimanches et jours de f\u00eate, elle assistait aux offices au monast\u00e8re du Sina\u00ef et passait les Semaines Sainte et Lumineuse \u00e0 J\u00e9rusalem.<\/p>\n\n\n\n<p>Son dernier voyage en Terre Sainte pour P\u00e2ques eut lieu en 2009. En novembre 2012, elle se rendit en Cr\u00e8te pour un examen m\u00e9dical, o\u00f9 un cancer du c\u00f4lon avanc\u00e9 lui fut diagnostiqu\u00e9.<\/p>\n\n\n\n<h3 class=\"wp-block-heading\">Maladie<\/h3>\n\n\n\n<p>La moniale Marie se rendit en Russie pour se faire examiner et soigner pour sa maladie. Elle connaissait l&rsquo;\u00e9v\u00eaque responsable de l&rsquo;h\u00f4pital Saint-Alexis, le m\u00e9tropolite de Moscou. L\u00e0, apr\u00e8s un examen, on lui proposa un traitement de chimioth\u00e9rapie et une intervention chirurgicale dans un grand centre de canc\u00e9rologie en Russie. Cependant, elle n&rsquo;accepta pas l&rsquo;offre, pr\u00e9f\u00e9rant mourir dans son ermitage bien-aim\u00e9.<\/p>\n\n\n\n<p>Avant de rentrer, Marie visita le d\u00e9sert de Sarov. Puis elle passa par la ville de Bari et l&rsquo;\u00e9glise de Saint-Nicolas le Thaumaturge. \u00c0 Bari, elle rencontra une femme russe nomm\u00e9e Euphrosyne et lui demanda de l&rsquo;accompagner dans la p\u00e9ninsule du Sina\u00ef. Euphrosyne s&rsquo;occupa de Marie-Madeleine dans son ermitage pendant pr\u00e8s d&rsquo;un an, jusqu&rsquo;au dernier jour de la vie terrestre de la Moniale. Par la gr\u00e2ce de Dieu, elles v\u00e9curent en harmonie malgr\u00e9 la barri\u00e8re de la langue (Euphrosyne ne parlait que le russe, que Marie comprenait \u00e0 peine).<\/p>\n\n\n\n<h3 class=\"wp-block-heading\">Mort et miracle lors des fun\u00e9railles<\/h3>\n\n\n\n<p>Apr\u00e8s P\u00e2ques 2013, M\u00e8re Marie cessa presque de bouger. Elle n&rsquo;\u00e9tait plus en mesure d&rsquo;assister aux offices au Monast\u00e8re, mais elle porta la croix de sa douloureuse maladie avec un grand courage et une grande patience, sans assistance m\u00e9dicale ni soins hospitaliers.<\/p>\n\n\n\n<p>Elle s&rsquo;est endormie dans le Seigneur dans sa cellule le jour de la f\u00eate de saint Spyridon de Trimythonte, le 12 d\u00e9cembre 2013, \u00e0 13h00. Avant sa mort, le P\u00e8re Paulos du monast\u00e8re du Sina\u00ef c\u00e9l\u00e9bra la Divine Liturgie dans l&rsquo;ermitage et donna la Sainte Communion \u00e0 la Moniale.<\/p>\n\n\n\n<p>Le corps de l&rsquo;asc\u00e8te fut transport\u00e9 \u00e0 l&rsquo;h\u00f4pital pour \u00eatre d\u00e9clar\u00e9 d\u00e9c\u00e9d\u00e9. L&rsquo;autorisation du Consulat de France devait \u00eatre obtenue pour l&rsquo;enterrement. Elle fut accord\u00e9e dans la nuit du 17 d\u00e9cembre et les fun\u00e9railles furent organis\u00e9es pour le jour suivant.<\/p>\n\n\n\n<p>Le corps de l&rsquo;Ancienne devait \u00eatre ramen\u00e9 de l&rsquo;h\u00f4pital au Monast\u00e8re, lorsqu&rsquo;un \u00e9v\u00e9nement \u00e9trange et myst\u00e9rieux se produisit. Soudain, une temp\u00eate de neige \u00e9clata et toute la r\u00e9gion fut couverte de neige. Quatorze hommes coptes furent envoy\u00e9s du Monast\u00e8re pour transporter le corps de la Moniale sur le terrain accident\u00e9 jusqu&rsquo;\u00e0 son ermitage.<\/p>\n\n\n\n<p>Normalement, le trajet de l&rsquo;autoroute \u00e0 l&rsquo;ermitage aurait pris une heure, mais dans des conditions m\u00e9t\u00e9orologiques aussi difficiles, il aurait pu en prendre deux. Cependant, lorsque les travailleurs soulev\u00e8rent la d\u00e9pouille de l&rsquo;Ancienne, le blizzard s&rsquo;arr\u00eata et ils se rendirent \u00e0 l&rsquo;ermitage en seulement 45 minutes. Au moment o\u00f9 le corps fut amen\u00e9 \u00e0 l&rsquo;ermitage, le blizzard \u00e9tait revenu.<\/p>\n\n\n\n<p>Bien que l&rsquo;Ancienne ait souhait\u00e9 \u00eatre enterr\u00e9e dans son ermitage, \u00e0 l&rsquo;insistance des P\u00e8res de Sainte-Catherine, l&rsquo;enterrement eut lieu au cimeti\u00e8re du monast\u00e8re de Feiran. Les fun\u00e9railles furent c\u00e9l\u00e9br\u00e9es par l&rsquo;Archev\u00eaque Damian du Sina\u00ef et les Hi\u00e9romoines Michel et Eug\u00e8ne avec quatre moniales du monast\u00e8re de Feiran. Parmi les proches de la Moniale Marie-Madeleine, seule Euphrosyne \u00e9tait pr\u00e9sente, elle qui avait servi l&rsquo;Ancienne moniale avec abn\u00e9gation jusqu&rsquo;\u00e0 la fin.<\/p>\n\n\n\n<p>Saint Pa\u00efssios de la Sainte Montagne a \u00e9crit :<\/p>\n\n\n\n<blockquote class=\"wp-block-quote is-layout-flow wp-block-quote-is-layout-flow\">\n<p>\u00ab Un moine se retire du monde non pas parce qu&rsquo;il le hait, mais parce qu&rsquo;il l&rsquo;aime et veut l&rsquo;aider par sa pri\u00e8re dans des choses qui transcendent l&rsquo;effort humain, en comptant sur l&rsquo;intervention divine. C&rsquo;est ainsi que Dieu apporte le salut au monde. \u00bb<\/p>\n<\/blockquote>\n\n\n\n<p>\u00c0 notre \u00e9poque, o\u00f9 l&rsquo;amour et la saintet\u00e9 semblent faire d\u00e9faut, Dieu r\u00e9v\u00e8le Ses asc\u00e8tes au monde. Bien que beaucoup restent inconnus de nous, ils prient avec ferveur pour l&rsquo;humanit\u00e9 enti\u00e8re et pour notre existence sur cette terre. C&rsquo;est par leur intercession que le monde trouve son fondement.<\/p>\n\n\n\n<p><a href=\"https:\/\/catalog.obitel-minsk.com\/blog\/2023\/09\/elder-mary-magdalene-a-hermit-from-the-sinai-desert\">https:\/\/catalog.obitel-minsk.com\/blog\/2023\/09\/elder-mary-magdalene-a-hermit-from-the-sinai-desert<\/a><\/p>\n\n\n\n<figure class=\"wp-block-image size-large\"><a href=\"http:\/\/www.orthodoxie-reunion.com\/wp-content\/uploads\/2025\/12\/800-__-534.jpg\"><img loading=\"lazy\" decoding=\"async\" width=\"644\" height=\"430\" src=\"http:\/\/www.orthodoxie-reunion.com\/wp-content\/uploads\/2025\/12\/800-__-534-644x430.jpg\" alt=\"\" class=\"wp-image-2763\" srcset=\"http:\/\/www.orthodoxie-reunion.com\/wp-content\/uploads\/2025\/12\/800-__-534-644x430.jpg 644w, http:\/\/www.orthodoxie-reunion.com\/wp-content\/uploads\/2025\/12\/800-__-534-300x200.jpg 300w, http:\/\/www.orthodoxie-reunion.com\/wp-content\/uploads\/2025\/12\/800-__-534-768x513.jpg 768w, http:\/\/www.orthodoxie-reunion.com\/wp-content\/uploads\/2025\/12\/800-__-534.jpg 800w\" sizes=\"auto, (max-width: 644px) 100vw, 644px\" \/><\/a><\/figure>\n\n\n\n<figure class=\"wp-block-image size-large\"><a href=\"http:\/\/www.orthodoxie-reunion.com\/wp-content\/uploads\/2025\/12\/1.jpg\"><img loading=\"lazy\" decoding=\"async\" width=\"644\" height=\"430\" src=\"http:\/\/www.orthodoxie-reunion.com\/wp-content\/uploads\/2025\/12\/1-644x430.jpg\" alt=\"\" class=\"wp-image-2770\" srcset=\"http:\/\/www.orthodoxie-reunion.com\/wp-content\/uploads\/2025\/12\/1-644x430.jpg 644w, http:\/\/www.orthodoxie-reunion.com\/wp-content\/uploads\/2025\/12\/1-300x200.jpg 300w, http:\/\/www.orthodoxie-reunion.com\/wp-content\/uploads\/2025\/12\/1-768x513.jpg 768w, http:\/\/www.orthodoxie-reunion.com\/wp-content\/uploads\/2025\/12\/1.jpg 800w\" sizes=\"auto, (max-width: 644px) 100vw, 644px\" \/><\/a><\/figure>\n\n\n\n<p>Ic\u00f4ne de Saint Porphyrios (+ le 2 d\u00e9cembre 1991)<\/p>\n\n\n\n<p><img loading=\"lazy\" decoding=\"async\" width=\"775\" height=\"413\" class=\"aligncenter size-medium wp-image-40374\" src=\"https:\/\/catalog.obitel-minsk.com\/blog\/wp-content\/uploads\/2023\/09\/\u0444\u043e\u0442\u043e-8-775x413.jpg\" alt=\"Elder Mary Magdalene\"><\/p>\n\n\n\n<figure class=\"wp-block-image size-large\"><a href=\"http:\/\/www.orthodoxie-reunion.com\/wp-content\/uploads\/2025\/12\/6.jpg\"><img loading=\"lazy\" decoding=\"async\" width=\"644\" height=\"344\" src=\"http:\/\/www.orthodoxie-reunion.com\/wp-content\/uploads\/2025\/12\/6-644x344.jpg\" alt=\"\" class=\"wp-image-2764\" srcset=\"http:\/\/www.orthodoxie-reunion.com\/wp-content\/uploads\/2025\/12\/6-644x344.jpg 644w, http:\/\/www.orthodoxie-reunion.com\/wp-content\/uploads\/2025\/12\/6-300x160.jpg 300w, http:\/\/www.orthodoxie-reunion.com\/wp-content\/uploads\/2025\/12\/6-768x410.jpg 768w, http:\/\/www.orthodoxie-reunion.com\/wp-content\/uploads\/2025\/12\/6.jpg 800w\" sizes=\"auto, (max-width: 644px) 100vw, 644px\" \/><\/a><\/figure>\n\n\n\n<figure class=\"wp-block-image size-large\"><a href=\"http:\/\/www.orthodoxie-reunion.com\/wp-content\/uploads\/2025\/12\/5.jpg\"><img loading=\"lazy\" decoding=\"async\" width=\"800\" height=\"267\" src=\"http:\/\/www.orthodoxie-reunion.com\/wp-content\/uploads\/2025\/12\/5-644x215.jpg\" alt=\"\" class=\"wp-image-2765\" srcset=\"http:\/\/www.orthodoxie-reunion.com\/wp-content\/uploads\/2025\/12\/5-644x215.jpg 644w, http:\/\/www.orthodoxie-reunion.com\/wp-content\/uploads\/2025\/12\/5-300x100.jpg 300w, http:\/\/www.orthodoxie-reunion.com\/wp-content\/uploads\/2025\/12\/5-768x256.jpg 768w, http:\/\/www.orthodoxie-reunion.com\/wp-content\/uploads\/2025\/12\/5.jpg 800w\" sizes=\"auto, (max-width: 800px) 100vw, 800px\" \/><\/a><\/figure>\n\n\n\n<p>Parcelle de terrain achet\u00e9e par la moniale Marie Madeleine<\/p>\n\n\n\n<figure class=\"wp-block-image size-large\"><a href=\"http:\/\/www.orthodoxie-reunion.com\/wp-content\/uploads\/2025\/12\/10.jpg\"><img loading=\"lazy\" decoding=\"async\" width=\"644\" height=\"430\" src=\"http:\/\/www.orthodoxie-reunion.com\/wp-content\/uploads\/2025\/12\/10-644x430.jpg\" alt=\"\" class=\"wp-image-2766\" srcset=\"http:\/\/www.orthodoxie-reunion.com\/wp-content\/uploads\/2025\/12\/10-644x430.jpg 644w, http:\/\/www.orthodoxie-reunion.com\/wp-content\/uploads\/2025\/12\/10-300x200.jpg 300w, http:\/\/www.orthodoxie-reunion.com\/wp-content\/uploads\/2025\/12\/10-768x513.jpg 768w, http:\/\/www.orthodoxie-reunion.com\/wp-content\/uploads\/2025\/12\/10.jpg 800w\" sizes=\"auto, (max-width: 644px) 100vw, 644px\" \/><\/a><\/figure>\n\n\n\n<figure class=\"wp-block-image size-large\"><a href=\"http:\/\/www.orthodoxie-reunion.com\/wp-content\/uploads\/2025\/12\/11.jpg\"><img loading=\"lazy\" decoding=\"async\" width=\"644\" height=\"430\" src=\"http:\/\/www.orthodoxie-reunion.com\/wp-content\/uploads\/2025\/12\/11-644x430.jpg\" alt=\"\" class=\"wp-image-2767\" srcset=\"http:\/\/www.orthodoxie-reunion.com\/wp-content\/uploads\/2025\/12\/11-644x430.jpg 644w, http:\/\/www.orthodoxie-reunion.com\/wp-content\/uploads\/2025\/12\/11-300x200.jpg 300w, http:\/\/www.orthodoxie-reunion.com\/wp-content\/uploads\/2025\/12\/11-768x513.jpg 768w, http:\/\/www.orthodoxie-reunion.com\/wp-content\/uploads\/2025\/12\/11.jpg 800w\" sizes=\"auto, (max-width: 644px) 100vw, 644px\" \/><\/a><\/figure>\n\n\n\n<p><\/p>\n\n\n\n<figure class=\"wp-block-image size-large\"><a href=\"http:\/\/www.orthodoxie-reunion.com\/wp-content\/uploads\/2025\/12\/12.jpg\"><img loading=\"lazy\" decoding=\"async\" width=\"644\" height=\"322\" src=\"http:\/\/www.orthodoxie-reunion.com\/wp-content\/uploads\/2025\/12\/12-644x322.jpg\" alt=\"\" class=\"wp-image-2768\" srcset=\"http:\/\/www.orthodoxie-reunion.com\/wp-content\/uploads\/2025\/12\/12-644x322.jpg 644w, http:\/\/www.orthodoxie-reunion.com\/wp-content\/uploads\/2025\/12\/12-300x150.jpg 300w, http:\/\/www.orthodoxie-reunion.com\/wp-content\/uploads\/2025\/12\/12-768x384.jpg 768w, http:\/\/www.orthodoxie-reunion.com\/wp-content\/uploads\/2025\/12\/12.jpg 800w\" sizes=\"auto, (max-width: 644px) 100vw, 644px\" \/><\/a><\/figure>\n\n\n\n<p><\/p>\n","protected":false},"excerpt":{"rendered":"<p>Un jour, un groupe de p\u00e8lerins visita le monast\u00e8re de l&rsquo;Ancien Porphyrios Kavsokalivite \u00e0 Milesi. Parmi eux se trouvait une Fran\u00e7aise, professeure d&rsquo;histoire \u00e0 l&rsquo;universit\u00e9, ath\u00e9e convaincue et professant le nihilisme. Elle n&rsquo;attendait pas grand-chose d&rsquo;une rencontre avec un homme qui n&rsquo;avait fait que deux ans d&rsquo;\u00e9cole, mais \u00e0 la demande de ses amis, elle &hellip; <a href=\"http:\/\/www.orthodoxie-reunion.com\/?p=2762\" class=\"more-link\">Continuer la lecture de <span class=\"screen-reader-text\">Une ermite au Sinai<\/span><\/a><\/p>\n","protected":false},"author":1,"featured_media":0,"comment_status":"open","ping_status":"open","sticky":false,"template":"","format":"standard","meta":{"footnotes":""},"categories":[1],"tags":[],"class_list":["post-2762","post","type-post","status-publish","format-standard","hentry","category-non-classe"],"_links":{"self":[{"href":"http:\/\/www.orthodoxie-reunion.com\/index.php?rest_route=\/wp\/v2\/posts\/2762","targetHints":{"allow":["GET"]}}],"collection":[{"href":"http:\/\/www.orthodoxie-reunion.com\/index.php?rest_route=\/wp\/v2\/posts"}],"about":[{"href":"http:\/\/www.orthodoxie-reunion.com\/index.php?rest_route=\/wp\/v2\/types\/post"}],"author":[{"embeddable":true,"href":"http:\/\/www.orthodoxie-reunion.com\/index.php?rest_route=\/wp\/v2\/users\/1"}],"replies":[{"embeddable":true,"href":"http:\/\/www.orthodoxie-reunion.com\/index.php?rest_route=%2Fwp%2Fv2%2Fcomments&post=2762"}],"version-history":[{"count":2,"href":"http:\/\/www.orthodoxie-reunion.com\/index.php?rest_route=\/wp\/v2\/posts\/2762\/revisions"}],"predecessor-version":[{"id":2771,"href":"http:\/\/www.orthodoxie-reunion.com\/index.php?rest_route=\/wp\/v2\/posts\/2762\/revisions\/2771"}],"wp:attachment":[{"href":"http:\/\/www.orthodoxie-reunion.com\/index.php?rest_route=%2Fwp%2Fv2%2Fmedia&parent=2762"}],"wp:term":[{"taxonomy":"category","embeddable":true,"href":"http:\/\/www.orthodoxie-reunion.com\/index.php?rest_route=%2Fwp%2Fv2%2Fcategories&post=2762"},{"taxonomy":"post_tag","embeddable":true,"href":"http:\/\/www.orthodoxie-reunion.com\/index.php?rest_route=%2Fwp%2Fv2%2Ftags&post=2762"}],"curies":[{"name":"wp","href":"https:\/\/api.w.org\/{rel}","templated":true}]}}