{"id":2444,"date":"2022-06-01T04:11:10","date_gmt":"2022-06-01T04:11:10","guid":{"rendered":"http:\/\/www.orthodoxie-reunion.com\/?p=2444"},"modified":"2022-06-01T04:11:10","modified_gmt":"2022-06-01T04:11:10","slug":"bulletin-du-mois-de-juin-2022-de-leglise-orthodoxe-a-maurice","status":"publish","type":"post","link":"http:\/\/www.orthodoxie-reunion.com\/?p=2444","title":{"rendered":"Bulletin du mois de juin 2022 de l\u2019\u00c9glise Orthodoxe \u00e0 Maurice"},"content":{"rendered":"<p>&nbsp;<\/p>\n<p>&nbsp;<\/p>\n<p><span id=\"page3R_mcid0\" class=\"markedContent\"><span dir=\"ltr\">Paroisse orthodoxe de la sainte Transfiguration<\/span><\/span><span id=\"page3R_mcid1\" class=\"markedContent\"><br \/>\n<span dir=\"ltr\">Num\u00e9ro<\/span><\/span><span id=\"page3R_mcid2\" class=\"markedContent\"> <span dir=\"ltr\">77, juin 2022<\/span><\/span><span id=\"page3R_mcid3\" class=\"markedContent\"><br \/>\n<\/span><span id=\"page3R_mcid5\" class=\"markedContent\"><br \/>\n<strong><span dir=\"ltr\">Le Royaume de Dieu <\/span><\/strong><\/span><strong><span id=\"page3R_mcid6\" class=\"markedContent\"><span dir=\"ltr\">c<\/span><span dir=\"ltr\">\u2019<\/span><span dir=\"ltr\">est la pr\u00e9sence du Christ<\/span><\/span><\/strong><span id=\"page3R_mcid7\" class=\"markedContent\"><\/span><span id=\"page3R_mcid8\" class=\"markedContent\"><\/span><\/p>\n<p><span id=\"page3R_mcid8\" class=\"markedContent\"><\/span><span id=\"page3R_mcid8\" class=\"markedContent\"><span dir=\"ltr\">La Voix<\/span> <span dir=\"ltr\">de l\u2019\u00c9vangile<\/span><\/span><span id=\"page3R_mcid9\" class=\"markedContent\"><\/span><\/p>\n<p><span id=\"page3R_mcid9\" class=\"markedContent\"><br \/>\n<span dir=\"ltr\">La communion des saints avec Dieu dans les si\u00e8cles \u00e0 venir, ce sont<\/span><br \/>\n<span dir=\"ltr\">des choses que l<\/span><span dir=\"ltr\">\u2019<\/span><span dir=\"ltr\">\u0153il n<\/span><span dir=\"ltr\">\u2019<\/span><span dir=\"ltr\">a point vues, que l<\/span><span dir=\"ltr\">\u2019<\/span><span dir=\"ltr\">oreille n<\/span><span dir=\"ltr\">\u2019<\/span><span dir=\"ltr\">a point entendues,<\/span><br \/>\n<span dir=\"ltr\">et qui ne sont point mont\u00e9es au c\u0153ur de l<\/span><span dir=\"ltr\">\u2019<\/span><span dir=\"ltr\">homme, des choses que<\/span><br \/>\n<span dir=\"ltr\">Dieu a pr\u00e9par\u00e9es pour ceux qui L<\/span><span dir=\"ltr\">\u2019<\/span><span dir=\"ltr\">aiment (1 Corinthiens 2: 9). Ces <\/span><br \/>\n<span dir=\"ltr\">choses<\/span>\u00a0<span dir=\"ltr\"> sont le Royaume de Dieu que le Christ nous a dit de cher<\/span><span dir=\"ltr\">&#8211;<\/span><br \/>\n<span dir=\"ltr\">cher par<\/span><span dir=\"ltr\">&#8211;<\/span><span dir=\"ltr\">dessus toutes les choses terrestres : \u00ab<\/span> <span dir=\"ltr\">Cherchez d<\/span><span dir=\"ltr\">\u2019<\/span><span dir=\"ltr\">abord le<\/span><br \/>\n<span dir=\"ltr\">Royaume de Dieu&#8230; et toutes ces choses vous seront donn\u00e9es par<\/span><span dir=\"ltr\">&#8211;<\/span><\/span><span id=\"page61R_mcid0\" class=\"markedContent\"><span dir=\"ltr\">dessus<\/span> <span dir=\"ltr\">\u00bb (Matthieu 6:33).<\/span><\/span><span id=\"page61R_mcid1\" class=\"markedContent\"><\/span><br \/>\n<span id=\"page61R_mcid1\" class=\"markedContent\"><\/span><\/p>\n<p><span id=\"page61R_mcid1\" class=\"markedContent\"><span dir=\"ltr\">Quand l<\/span><span dir=\"ltr\">\u2019<\/span><span dir=\"ltr\">archange<\/span> <span dir=\"ltr\">Gabriel annon\u00e7a \u00e0 la<\/span> <span dir=\"ltr\">Vierge Marie la bonne<\/span><br \/>\n<span dir=\"ltr\">nouvelle qu<\/span><span dir=\"ltr\">\u2019<\/span><span dir=\"ltr\">elle donnerait naissance au Seigneur, il lui dit :<\/span><\/span><span id=\"page61R_mcid2\" class=\"markedContent\"><br \/>\n<span dir=\"ltr\">\u201c<\/span><span dir=\"ltr\">Tu auras un fils, et tu le nommeras J\u00e9sus. Il sera grand, et sera appe<\/span><span dir=\"ltr\">l\u00e9 le Fils du Tr\u00e8s<\/span><span dir=\"ltr\">&#8211;<\/span><span dir=\"ltr\">Haut, et le Seigneur Dieu Lui donnera le tr\u00f4ne de Da<\/span><span dir=\"ltr\">vid, Son p\u00e8re. Il r\u00e9gnera sur la maison de Jacob<\/span> <span dir=\"ltr\">[c<\/span><span dir=\"ltr\">\u2019<\/span><span dir=\"ltr\">est<\/span><span dir=\"ltr\">&#8211;<\/span><span dir=\"ltr\">\u00e0<\/span><span dir=\"ltr\">&#8211;<\/span><span dir=\"ltr\">dire sur ceux<\/span><br \/>\n<span dir=\"ltr\">qui croient en lui]<\/span> <span dir=\"ltr\">pour toujours ; et son r\u00e8gne n<\/span><span dir=\"ltr\">\u2019<\/span><span dir=\"ltr\">aura pas de fin<\/span> <span dir=\"ltr\">(Luc<\/span><br \/>\n<span dir=\"ltr\">1:31<\/span><span dir=\"ltr\">&#8211;<\/span><span dir=\"ltr\">33). Par ces paroles, l<\/span><span dir=\"ltr\">\u2019<\/span><span dir=\"ltr\">archange Gabriel a li\u00e9 le Royaume de Dieu<\/span><br \/>\n<span dir=\"ltr\">\u00e0 la personne de J\u00e9sus<\/span><span dir=\"ltr\">&#8211;<\/span><span dir=\"ltr\">Christ. Il est le Roi des fid\u00e8les et, par Son In-<\/span><br \/>\n<span dir=\"ltr\">carnation, le Royaume de Dieu s<\/span><span dir=\"ltr\">\u2019<\/span><span dir=\"ltr\">est manifest\u00e9 sur la terre.<\/span><\/span><span id=\"page61R_mcid3\" class=\"markedContent\"><br \/>\n<span dir=\"ltr\">\u00ab<\/span> <span dir=\"ltr\">Qu<\/span><span dir=\"ltr\">\u2019<\/span><span dir=\"ltr\">est<\/span><span dir=\"ltr\">&#8211;<\/span><span dir=\"ltr\">ce que le Royaume<\/span> <span dir=\"ltr\">[de Dieu] ? \u00bb demande le Christ, par l<\/span><span dir=\"ltr\">\u2019<\/span><span dir=\"ltr\">in<\/span><span dir=\"ltr\">term\u00e9diaire de saint Jean Chrysostome. Et Il r\u00e9pond : \u00ab<\/span> <span dir=\"ltr\">C<\/span><span dir=\"ltr\">\u2019<\/span><span dir=\"ltr\">est ma pr\u00e9<\/span><span dir=\"ltr\">sence.<\/span> <span dir=\"ltr\">\u00bb Les paroles de saint Gr\u00e9goire Palamas ont une signification<\/span><br \/>\n<span dir=\"ltr\">similaire : \u00ab<\/span> <span dir=\"ltr\">Avant que la Parole de Dieu ne se fasse homme, le Roy<\/span><span dir=\"ltr\">aume des cieux \u00e9tait aussi loin de nous que le ciel l<\/span><span dir=\"ltr\">\u2019<\/span><span dir=\"ltr\">est de la terre.<\/span><br \/>\n<span dir=\"ltr\">Mais quand le Roi des cieux est venu \u00e0 nous et a \u00e9t\u00e9 tr\u00e8s heureux de<\/span><br \/>\n<span dir=\"ltr\">s<\/span><span dir=\"ltr\">\u2019<\/span><span dir=\"ltr\">unir \u00e0 nous, alors le Royaume des cieux s<\/span><span dir=\"ltr\">\u2019<\/span><span dir=\"ltr\">est approch\u00e9 de nous<\/span><br \/>\n<span dir=\"ltr\">tous.<\/span> <span dir=\"ltr\">\u00bb<\/span><\/span><span id=\"page61R_mcid4\" class=\"markedContent\"><br \/>\n<span dir=\"ltr\">De ces paroles des P\u00e8res porteurs de Dieu, nous concluons que le<\/span><br \/>\n<span dir=\"ltr\">Royaume de Dieu est la vie pr\u00e8s du Christ. C<\/span><span dir=\"ltr\">\u2019<\/span><span dir=\"ltr\">est la vie conform\u00e9ment<\/span><br \/>\n<span dir=\"ltr\">\u00e0 la volont\u00e9 de Dieu. Ainsi, puisque le Christ s<\/span><span dir=\"ltr\">\u2019<\/span><span dir=\"ltr\">est fait homme et a<\/span><br \/>\n<span dir=\"ltr\">v\u00e9cu avec nous, nous avons la possibilit\u00e9 de vivre avec Lui, c<\/span><span dir=\"ltr\">\u2019<\/span><span dir=\"ltr\">est<\/span><span dir=\"ltr\">&#8211;<\/span><span dir=\"ltr\">\u00e0<\/span><span dir=\"ltr\">&#8211;<\/span><br \/>\n<span dir=\"ltr\">dire vivre dans le Royaume de Dieu.<\/span><\/span><span id=\"page61R_mcid5\" class=\"markedContent\"><br \/>\n<span dir=\"ltr\">L<\/span><span dir=\"ltr\">\u2019<\/span><span dir=\"ltr\">affirmation<\/span> <span dir=\"ltr\">du<\/span> <span dir=\"ltr\">Christ<\/span> <span dir=\"ltr\">que<\/span> <span dir=\"ltr\">le<\/span> <span dir=\"ltr\">Royaume<\/span> <span dir=\"ltr\">des<\/span> <span dir=\"ltr\">cieux<\/span> <span dir=\"ltr\">est<\/span> <span dir=\"ltr\">proche<\/span><br \/>\n<span dir=\"ltr\">(Matthieu 4:17) est l<\/span><span dir=\"ltr\">\u2019<\/span><span dir=\"ltr\">annonce la plus joyeuse qui ait jamais \u00e9t\u00e9 en-<\/span><br \/>\n<span dir=\"ltr\">tendue. C<\/span><span dir=\"ltr\">\u2019<\/span><span dir=\"ltr\">est pour cette raison que le r\u00e9cit de la vie et de l<\/span><span dir=\"ltr\">\u2019<\/span><span dir=\"ltr\">ensei<\/span><span dir=\"ltr\">gnement du Christ a re\u00e7u le nom d<\/span><span dir=\"ltr\">\u2019<\/span><span dir=\"ltr\">\u00c9vangile, qui signifie \u00ab<\/span> <span dir=\"ltr\">bonne<\/span><br \/>\n<span dir=\"ltr\">nouvelle<\/span> <span dir=\"ltr\">\u00bb : c<\/span><span dir=\"ltr\">\u2019<\/span><span dir=\"ltr\">est l<\/span><span dir=\"ltr\">\u2019<\/span><span dir=\"ltr\">\u00c9vangile du Royaume (Matthieu 4 : 23). Le Roy<\/span><span dir=\"ltr\">aume de Dieu c<\/span><span dir=\"ltr\">\u2019<\/span><span dir=\"ltr\">est l<\/span><span dir=\"ltr\">\u2019<\/span><span dir=\"ltr\">actualit\u00e9 de vivre, de bouger et d<\/span><span dir=\"ltr\">\u2019<\/span><span dir=\"ltr\">avoir notre<\/span><\/span> <span id=\"page61R_mcid7\" class=\"markedContent\"><\/span><span id=\"page65R_mcid0\" class=\"markedContent\"><span dir=\"ltr\">\u00eatre en J\u00e9sus<\/span><span dir=\"ltr\">&#8211;<\/span><span dir=\"ltr\">Christ et il commence d\u00e9j\u00e0 dans notre vie actuelle sur<\/span><\/span> <span id=\"page65R_mcid0\" class=\"markedContent\"><\/span><span id=\"page65R_mcid0\" class=\"markedContent\"><span dir=\"ltr\">terre.<\/span><\/span><span id=\"page65R_mcid1\" class=\"markedContent\"><br \/>\n<span dir=\"ltr\">Christ a dit un jour \u00e0 ses disciples : \u00ab<\/span> <span dir=\"ltr\">Quelques<\/span><span dir=\"ltr\">&#8211;<\/span><span dir=\"ltr\">uns de ceux qui sont ici<\/span><br \/>\n<span dir=\"ltr\">ne mourront point, qu<\/span><span dir=\"ltr\">\u2019<\/span><span dir=\"ltr\">ils n<\/span><span dir=\"ltr\">\u2019<\/span><span dir=\"ltr\">aient vu le royaume de Dieu venir avec pu<\/span><span dir=\"ltr\">issance.<\/span> <span dir=\"ltr\">\u00bb (Marc 9 :1). Huit jours apr\u00e8s avoir prononc\u00e9 ces paroles, le<\/span><br \/>\n<span dir=\"ltr\">Seigneur a \u00e9t\u00e9 transfigur\u00e9 sur le mont Tabor devant ses trois princi<\/span><span dir=\"ltr\">paux disciples, leur montrant ainsi sa gloire incr\u00e9\u00e9e et leur r\u00e9v\u00e9lant<\/span><br \/>\n<span dir=\"ltr\">ainsi la r\u00e9alit\u00e9 du Royaume de Dieu. De m\u00eame, ceux qui vivent en<\/span><br \/>\n<span dir=\"ltr\">Christ pendant cette vie passeront \u00e0 la vie \u00e9ternelle, et verront ainsi<\/span><br \/>\n<span dir=\"ltr\">le Royaume de Dieu venir avec puissance.<\/span><\/span><span id=\"page65R_mcid2\" class=\"markedContent\"><br \/>\n<span dir=\"ltr\">Le Royaume de Dieu est venu avec l<\/span><span dir=\"ltr\">\u2019<\/span><span dir=\"ltr\">Incarnation du Christ, et nous y<\/span><br \/>\n<span dir=\"ltr\">entrons par le repentir. C<\/span><span dir=\"ltr\">\u2019<\/span><span dir=\"ltr\">est pourquoi saint Gr\u00e9goire Palamas nous<\/span><br \/>\n<span dir=\"ltr\">exhorte \u00e0 \u00ab<\/span> <span dir=\"ltr\">produire des fruits dignes de repentance<\/span> <span dir=\"ltr\">[cf. Mt 3, 8],<\/span> <span dir=\"ltr\">afin<\/span><br \/>\n<span dir=\"ltr\">d<\/span><span dir=\"ltr\">\u2019<\/span><span dir=\"ltr\">h\u00e9riter du Royaume des cieux<\/span> <span dir=\"ltr\">\u00bb&#8230; La lumi\u00e8re qui ne se couche<\/span><br \/>\n<span dir=\"ltr\">jamais brille sur nous; faisons notre chemin vers son \u00e9clat au moyen<\/span><br \/>\n<span dir=\"ltr\">de bonnes \u0153uvres. Le repentir ouvre la voie pour que le Royaume<\/span><br \/>\n<span dir=\"ltr\">des cieux devienne l<\/span><span dir=\"ltr\">\u2019<\/span><span dir=\"ltr\">\u00e9tat interne de l<\/span><span dir=\"ltr\">\u2019<\/span><span dir=\"ltr\">homme : \u00ab<\/span> <span dir=\"ltr\">Le Royaume de Dieu<\/span><br \/>\n<span dir=\"ltr\">est au milieu de vous<\/span> <span dir=\"ltr\">\u00bb (Luc 17 : 21).<\/span><\/span><span id=\"page65R_mcid3\" class=\"markedContent\"><\/span><span id=\"page65R_mcid4\" class=\"markedContent\"><\/span><\/p>\n<p><span id=\"page65R_mcid4\" class=\"markedContent\"><br \/>\n<span dir=\"ltr\">Tir\u00e9 de<\/span> <span dir=\"ltr\">: Hi\u00e9romoine Gregorios,<\/span> <span dir=\"ltr\">La foi orthodoxe, l<\/span><span dir=\"ltr\">\u2019<\/span><span dir=\"ltr\">adoration<\/span><\/span><span id=\"page65R_mcid5\" class=\"markedContent\"><br \/>\n<span dir=\"ltr\">et la vie<\/span><span dir=\"ltr\">, pages 89<\/span><span dir=\"ltr\">&#8211;<\/span><span dir=\"ltr\">91, Mont Athos<\/span><\/span><span id=\"page65R_mcid6\" class=\"markedContent\"><br \/>\n<span dir=\"ltr\"><br \/>\n<\/span><\/span><\/p>\n<div class=\"canvasWrapper\"><\/div>\n<p>&nbsp;<\/p>\n<p>&nbsp;<\/p>\n<p><span id=\"page67R_mcid2\" class=\"markedContent\"><br \/>\n<span dir=\"ltr\">Divine Liturgie<\/span><\/span><span id=\"page67R_mcid3\" class=\"markedContent\"><br \/>\n<span dir=\"ltr\">Jeudi 2 juin \u00e0 10h30<\/span> <span dir=\"ltr\">: Ascension<\/span><\/span><span id=\"page67R_mcid4\" class=\"markedContent\"><br \/>\n<span dir=\"ltr\">\u00c9p\u00eetre<\/span> <span dir=\"ltr\">: Actes 1, 1<\/span><span dir=\"ltr\">&#8211;<\/span><span dir=\"ltr\">12<\/span> <span dir=\"ltr\">; \u00c9vangile<\/span> <span dir=\"ltr\">: Luc 24,36<\/span><span dir=\"ltr\">&#8211;<\/span><span dir=\"ltr\">53<\/span><\/span><span id=\"page67R_mcid5\" class=\"markedContent\"><br \/>\n<span dir=\"ltr\">Dimanche 5<\/span> <span dir=\"ltr\">:<\/span> <span dir=\"ltr\">Les P\u00e8res du premier Concile<\/span><\/span><span id=\"page67R_mcid6\" class=\"markedContent\"><br \/>\n<span dir=\"ltr\">\u00c9p\u00eetre<\/span> <span dir=\"ltr\">: Actes 20, 16<\/span><span dir=\"ltr\">&#8211;<\/span><span dir=\"ltr\">18, 28<\/span><span dir=\"ltr\">&#8211;<\/span><span dir=\"ltr\">36<\/span> <span dir=\"ltr\">; \u00c9vangile<\/span> <span dir=\"ltr\">: Jean 17, 1<\/span><span dir=\"ltr\">&#8211;<\/span><span dir=\"ltr\">13<\/span><\/span><span id=\"page67R_mcid7\" class=\"markedContent\"><br \/>\n<span dir=\"ltr\">Samedi 11 \u00e0 10h30<\/span> <span dir=\"ltr\">:<\/span> <span dir=\"ltr\">comm\u00e9moration des d\u00e9funts<\/span><\/span><span id=\"page67R_mcid8\" class=\"markedContent\"><br \/>\n<span dir=\"ltr\">12<\/span> <span dir=\"ltr\">:<\/span> <span dir=\"ltr\">Pentec\u00f4te<\/span><\/span><span id=\"page67R_mcid9\" class=\"markedContent\"><br \/>\n<span dir=\"ltr\">\u00c9p\u00eetre<\/span> <span dir=\"ltr\">: Actes 2, 1<\/span><span dir=\"ltr\">&#8211;<\/span><span dir=\"ltr\">11<\/span> <span dir=\"ltr\">; \u00c9vangile<\/span> <span dir=\"ltr\">: Jean 7, 37<\/span><span dir=\"ltr\">&#8211;<\/span><span dir=\"ltr\">52<\/span> <span dir=\"ltr\">; 8, 12<\/span><\/span><span id=\"page67R_mcid10\" class=\"markedContent\"><br \/>\n<span dir=\"ltr\">19<\/span> <span dir=\"ltr\">:<\/span> <span dir=\"ltr\">Tous les saints<\/span><\/span><span id=\"page67R_mcid11\" class=\"markedContent\"><br \/>\n<span dir=\"ltr\">\u00c9p\u00eetre<\/span> <span dir=\"ltr\">: H\u00e9b. 11, 33<\/span> <span dir=\"ltr\">\u2013<\/span> <span dir=\"ltr\">12, 2<\/span> <span dir=\"ltr\">;<\/span> <span dir=\"ltr\">\u00c9vangile<\/span> <span dir=\"ltr\">: Mat 10, 32<\/span><span dir=\"ltr\">&#8211;<\/span><span dir=\"ltr\">33, 37<\/span><span dir=\"ltr\">&#8211;<\/span><span dir=\"ltr\">38<\/span> <span dir=\"ltr\">; 19, 27<\/span><span dir=\"ltr\">&#8211;<\/span><span dir=\"ltr\">30<\/span><\/span><span id=\"page67R_mcid12\" class=\"markedContent\"><br \/>\n<span dir=\"ltr\">Du 20 au 28<\/span> <span dir=\"ltr\">:<\/span> <span dir=\"ltr\">je\u00fbne des saints Ap\u00f4tres Pierre et Paul<\/span><\/span><span id=\"page67R_mcid13\" class=\"markedContent\"><br \/>\n<span dir=\"ltr\">26<\/span> <span dir=\"ltr\">:<\/span> <span dir=\"ltr\">l<\/span><span dir=\"ltr\">\u2019<\/span><span dir=\"ltr\">appel des disciples<\/span><\/span><span id=\"page67R_mcid14\" class=\"markedContent\"><br \/>\n<span dir=\"ltr\">\u00c9p\u00eetre<\/span> <span dir=\"ltr\">: Rom. 2, 10<\/span><span dir=\"ltr\">&#8211;<\/span><span dir=\"ltr\">16<\/span> <span dir=\"ltr\">; \u00c9vangile<\/span> <span dir=\"ltr\">: Mat 4, 18<\/span><span dir=\"ltr\">&#8211;<\/span><span dir=\"ltr\">23<\/span><\/span><span id=\"page67R_mcid15\" class=\"markedContent\"><br \/>\n<span dir=\"ltr\">Mercredi 29 \u00e0 10 h.<\/span> <span dir=\"ltr\">:<\/span> <span dir=\"ltr\">St Ap\u00f4tres Pierre et Paul<\/span><\/span><span id=\"page67R_mcid16\" class=\"markedContent\"><br \/>\n<span dir=\"ltr\">\u00c9p\u00eetre<\/span> <span dir=\"ltr\">: 2 Cor 11, 21<\/span> <span dir=\"ltr\">\u2013<\/span> <span dir=\"ltr\">12, 9<\/span> <span dir=\"ltr\">;<\/span> <span dir=\"ltr\">\u00c9vangile<\/span> <span dir=\"ltr\">: Mat 16, 13<\/span><span dir=\"ltr\">&#8211;<\/span><span dir=\"ltr\">19<\/span><\/span><span id=\"page67R_mcid17\" class=\"markedContent\"><br \/>\n<span dir=\"ltr\"><br \/>\n<\/span><\/span><\/p>\n<p><span id=\"page67R_mcid18\" class=\"markedContent\"><span dir=\"ltr\">Sainte Transfiguration<\/span><\/span><span id=\"page67R_mcid19\" class=\"markedContent\"><br \/>\n<span dir=\"ltr\">Grande<\/span><span dir=\"ltr\">&#8211;<\/span><span dir=\"ltr\">Rivi<\/span><\/span><span id=\"page67R_mcid20\" class=\"markedContent\"><span dir=\"ltr\">\u00e8re N<\/span><span dir=\"ltr\">&#8211;<\/span><span dir=\"ltr\">O<\/span><\/span><span id=\"page67R_mcid21\" class=\"markedContent\"><br \/>\n<span dir=\"ltr\">Ile Maurice<\/span><\/span><span id=\"page67R_mcid22\" class=\"markedContent\"><br \/>\n<span dir=\"ltr\">(derri\u00e8re le garage Bala)<\/span><\/span><span id=\"page67R_mcid23\" class=\"markedContent\"><br \/>\n<span dir=\"ltr\">Divine Liturgie<\/span><\/span><span id=\"page67R_mcid24\" class=\"markedContent\"><br \/>\n<span dir=\"ltr\">Chaque dimanche \u00e0 9h30<\/span><\/span><span id=\"page67R_mcid25\" class=\"markedContent\"><br \/>\n<span dir=\"ltr\">Site WEB:<\/span><\/span><span id=\"page67R_mcid26\" class=\"markedContent\"><br \/>\n<span dir=\"ltr\">http:\/\/orthodoxchurchmauritius.org<\/span><\/span><span id=\"page67R_mcid27\" class=\"markedContent\"><\/span><span id=\"page67R_mcid28\" class=\"markedContent\"><\/span><span id=\"page67R_mcid29\" class=\"markedContent\"><\/span><span id=\"page67R_mcid30\" class=\"markedContent\"><\/span><span id=\"page67R_mcid31\" class=\"markedContent\"><\/span><span id=\"page67R_mcid32\" class=\"markedContent\"><\/span><span id=\"page67R_mcid33\" class=\"markedContent\"><\/span><span id=\"page67R_mcid34\" class=\"markedContent\"><br \/>\n<span dir=\"ltr\">P\u00e8re<\/span> <span dir=\"ltr\">Athanasios<\/span><span dir=\"ltr\">, tel.: 57 33 32 53<\/span><\/span><span id=\"page67R_mcid35\" class=\"markedContent\"><br \/>\n<span dir=\"ltr\">E<\/span><span dir=\"ltr\">&#8211;<\/span><span dir=\"ltr\">mail:<\/span> <span dir=\"ltr\">p.athanasios@myt.mu<\/span><\/span><span id=\"page67R_mcid36\" class=\"markedContent\"><\/span><span id=\"page67R_mcid37\" class=\"markedContent\"><br \/>\n<span dir=\"ltr\">P\u00e8re<\/span> <span dir=\"ltr\">Ian<\/span><span dir=\"ltr\">, tel.: 52 57 90 53<\/span><\/span><span id=\"page67R_mcid38\" class=\"markedContent\"><br \/>\n<span dir=\"ltr\">E<\/span><span dir=\"ltr\">&#8211;<\/span><span dir=\"ltr\">mail:<\/span> <span dir=\"ltr\">fr.ian@antiochian.org.nz<\/span><\/span><\/p>\n","protected":false},"excerpt":{"rendered":"<p>&nbsp; &nbsp; Paroisse orthodoxe de la sainte Transfiguration Num\u00e9ro 77, juin 2022 Le Royaume de Dieu c\u2019est la pr\u00e9sence du Christ La Voix de l\u2019\u00c9vangile La communion des saints avec Dieu dans les si\u00e8cles \u00e0 venir, ce sont des choses que l\u2019\u0153il n\u2019a point vues, que l\u2019oreille n\u2019a point entendues, et qui ne sont point &hellip; <a href=\"http:\/\/www.orthodoxie-reunion.com\/?p=2444\" class=\"more-link\">Continuer la lecture de <span class=\"screen-reader-text\">Bulletin du mois de juin 2022 de l\u2019\u00c9glise Orthodoxe \u00e0 Maurice<\/span><\/a><\/p>\n","protected":false},"author":1,"featured_media":0,"comment_status":"open","ping_status":"open","sticky":false,"template":"","format":"standard","meta":{"footnotes":""},"categories":[1],"tags":[],"class_list":["post-2444","post","type-post","status-publish","format-standard","hentry","category-non-classe"],"_links":{"self":[{"href":"http:\/\/www.orthodoxie-reunion.com\/index.php?rest_route=\/wp\/v2\/posts\/2444","targetHints":{"allow":["GET"]}}],"collection":[{"href":"http:\/\/www.orthodoxie-reunion.com\/index.php?rest_route=\/wp\/v2\/posts"}],"about":[{"href":"http:\/\/www.orthodoxie-reunion.com\/index.php?rest_route=\/wp\/v2\/types\/post"}],"author":[{"embeddable":true,"href":"http:\/\/www.orthodoxie-reunion.com\/index.php?rest_route=\/wp\/v2\/users\/1"}],"replies":[{"embeddable":true,"href":"http:\/\/www.orthodoxie-reunion.com\/index.php?rest_route=%2Fwp%2Fv2%2Fcomments&post=2444"}],"version-history":[{"count":2,"href":"http:\/\/www.orthodoxie-reunion.com\/index.php?rest_route=\/wp\/v2\/posts\/2444\/revisions"}],"predecessor-version":[{"id":2446,"href":"http:\/\/www.orthodoxie-reunion.com\/index.php?rest_route=\/wp\/v2\/posts\/2444\/revisions\/2446"}],"wp:attachment":[{"href":"http:\/\/www.orthodoxie-reunion.com\/index.php?rest_route=%2Fwp%2Fv2%2Fmedia&parent=2444"}],"wp:term":[{"taxonomy":"category","embeddable":true,"href":"http:\/\/www.orthodoxie-reunion.com\/index.php?rest_route=%2Fwp%2Fv2%2Fcategories&post=2444"},{"taxonomy":"post_tag","embeddable":true,"href":"http:\/\/www.orthodoxie-reunion.com\/index.php?rest_route=%2Fwp%2Fv2%2Ftags&post=2444"}],"curies":[{"name":"wp","href":"https:\/\/api.w.org\/{rel}","templated":true}]}}