{"id":2383,"date":"2022-05-01T04:19:18","date_gmt":"2022-05-01T04:19:18","guid":{"rendered":"http:\/\/www.orthodoxie-reunion.com\/?p=2383"},"modified":"2022-05-01T04:19:18","modified_gmt":"2022-05-01T04:19:18","slug":"bulletin-du-mois-de-mai-2022-de-leglise-orthodoxe-a-maurice","status":"publish","type":"post","link":"http:\/\/www.orthodoxie-reunion.com\/?p=2383","title":{"rendered":"Bulletin du mois de mai 2022 de l\u2019\u00c9glise Orthodoxe \u00e0 Maurice"},"content":{"rendered":"<p><span id=\"page3R_mcid0\" class=\"markedContent\"><span dir=\"ltr\">Paroisse orthodoxe de la sainte Transfiguration<\/span><\/span><span id=\"page3R_mcid1\" class=\"markedContent\"><br \/>\n<span dir=\"ltr\">Num\u00e9ro<\/span><\/span><span id=\"page3R_mcid2\" class=\"markedContent\"> <span dir=\"ltr\">76, mai 2022<\/span><\/span><span id=\"page3R_mcid3\" class=\"markedContent\"><br \/>\n<\/span><span id=\"page3R_mcid5\" class=\"markedContent\"><br \/>\n<span dir=\"ltr\">Le Christ est ressuscit\u00e9 !<\/span><\/span><span id=\"page3R_mcid6\" class=\"markedContent\"><\/span><span id=\"page3R_mcid7\" class=\"markedContent\"><br \/>\n<span dir=\"ltr\">La Voix<\/span> <span dir=\"ltr\">de l\u2019\u00c9vangile<\/span><\/span><\/p>\n<p><span id=\"page3R_mcid7\" class=\"markedContent\"><\/span><span id=\"page3R_mcid8\" class=\"markedContent\"><br \/>\n<span dir=\"ltr\">De P\u00e2ques au dimanche de Thomas, il y a exactement huit jours. Ce chiffre huit est <\/span><span dir=\"ltr\">hautement symbolique de la pl\u00e9nitude et du d\u00e9passement du temps dans le Roy<\/span><span dir=\"ltr\">aume de Dieu. Tout le temps et tout l&rsquo;espace se concentrent dans cette unique<\/span><br \/>\n<span dir=\"ltr\">journ\u00e9e de P\u00e2ques qui est au c\u0153ur de l&rsquo;histoire humaine et au c\u0153ur de la vie de<\/span><br \/>\n<span dir=\"ltr\">l&rsquo;\u00c9glise. Chaque ann\u00e9e, quand nous c\u00e9l\u00e9brons la P\u00e2que, c&rsquo;est \u00e0 nouveau le rassem<\/span><span dir=\"ltr\">blement de tous les temps et de tous les lieux qui s&rsquo;op\u00e8re liturgiquement, myst\u00e9<\/span><span dir=\"ltr\">rieusement dans l&rsquo;\u00c9glise et dans nos c\u0153urs. D\u00e8s lors que le Seigneur est ressuscit\u00e9,<\/span><span dir=\"ltr\">on pourrait dire qu&rsquo;il n&rsquo;y a plus rien d&rsquo;autre \u00e0 attendre. Pourtant, si. Il y a \u00e0 attendre <\/span><span dir=\"ltr\">l&rsquo;Esprit saint. &lt;&lt;<\/span> <span dir=\"ltr\"><em>Je suis venu jeter le feu sur la terre, et combien je<\/em> <em>d\u00e9sire qu&rsquo;il soit<\/em> <\/span><em><span dir=\"ltr\">d\u00e9j\u00e0 allum\u00e9<\/span><\/em> <span dir=\"ltr\">&gt;&gt; (Luc 12, 49).<\/span> <span dir=\"ltr\">&lt;&lt; Il vaut mieux pour vous que je m&rsquo;en aille, car si je <\/span><span dir=\"ltr\">m&rsquo;en vais je vous enverrai l&rsquo;Esprit saint<\/span> <span dir=\"ltr\">&gt;&gt; (Jn 16, 7). Je disais donc qu&rsquo;il y a huit<\/span><span dir=\"ltr\">j ours que nous avons c\u00e9l\u00e9br\u00e9 la P\u00e2que. L&rsquo;\u00c9glise orthodoxe fait des huit jours qui <\/span><span dir=\"ltr\">unissent P\u00e2ques et le dimanche de Thomas<\/span> <span dir=\"ltr\">\u2013<\/span> <span dir=\"ltr\">aussi appel\u00e9 \u00ab\u00a0antip\u00e2que\u00a0\u00bb, c&rsquo;est<\/span><span dir=\"ltr\">&#8211;<\/span><span dir=\"ltr\">\u00e0<\/span><span dir=\"ltr\">&#8211;<\/span><span dir=\"ltr\">dire <\/span><span dir=\"ltr\">l&rsquo;autre p\u00e2que<\/span> <span dir=\"ltr\">\u2013<\/span><span dir=\"ltr\">,<\/span> <span dir=\"ltr\">un tout, une pl\u00e9nitude. Les portes royales demeurent ouvertes,<\/span><span dir=\"ltr\">nous chantons<\/span> <span dir=\"ltr\">\u00ab\u00a0Le Christ est ressuscit\u00e9\u00a0\u00bb<\/span> <span dir=\"ltr\">du matin au soir et du soir au matin. De <\/span><\/span><span id=\"page51R_mcid0\" class=\"markedContent\"><span dir=\"ltr\">sorte que nous vivons cette semaine enti\u00e8re comme un seul jour de P\u00e2que.<\/span><\/span><span id=\"page51R_mcid1\" class=\"markedContent\"><\/span><br \/>\n<span id=\"page51R_mcid1\" class=\"markedContent\"><\/span><\/p>\n<p><span id=\"page51R_mcid1\" class=\"markedContent\"><span dir=\"ltr\">Le Seigneur est apparu \u00e0 ses disciples le premier jour de la semaine, c<\/span><span dir=\"ltr\">\u2019<\/span><span dir=\"ltr\">est<\/span><span dir=\"ltr\">&#8211;<\/span><span dir=\"ltr\">\u00e0<\/span><span dir=\"ltr\">&#8211;<\/span><span dir=\"ltr\">dire le <\/span><span dir=\"ltr\">lendemain du sabbat, ce que nous appelons le dimanche et Il leur a communiqu\u00e9 <\/span><span dir=\"ltr\">l&rsquo;Esprit saint. C&rsquo;est tr\u00e8s myst\u00e9rieux, cette communication de l&rsquo;Esprit le jour m\u00eame <\/span><span dir=\"ltr\">de la R\u00e9surrection. On pourrait dire que, dans l&rsquo;optique de Jean, qui surpasse les <\/span><span dir=\"ltr\">limitations du temps et de l&rsquo;espace, puisque le Seigneur est ressuscit\u00e9, plus rien <\/span><span dir=\"ltr\">d\u00e9sormais ne peut emp\u00eacher l&rsquo;Esprit saint de venir. Il le donne, il est vrai \u00e0 ses <\/span><span dir=\"ltr\">seuls disciples, toutes portes ferm\u00e9es.<\/span><\/span><span id=\"page51R_mcid2\" class=\"markedContent\"><br \/>\n<span dir=\"ltr\">Cette insufflation rappelle la premi\u00e8re insufflation, lorsque Dieu souffla sur la<\/span><br \/>\n<span dir=\"ltr\">forme inanim\u00e9e de l&rsquo;homme pour lui communiquer la vie et le souffle de son Es-<\/span><br \/>\n<span dir=\"ltr\">prit. Or Thomas, ce jour<\/span><span dir=\"ltr\">&#8211;<\/span><span dir=\"ltr\">l\u00e0, \u00e9tait absent et il avait dit \u00e0 ses fr\u00e8res qu&rsquo;il ne croirait<\/span><br \/>\n<span dir=\"ltr\">pas tant qu&rsquo;il ne verrait pas le Christ ressuscit\u00e9. Et le Christ revint, huit jours plus<\/span><br \/>\n<span dir=\"ltr\">tard, alors que les Onze \u00e9taient l\u00e0 tous ensemble.<\/span><\/span><span id=\"page51R_mcid3\" class=\"markedContent\"><br \/>\n<span dir=\"ltr\">J\u00e9sus, dans son infinie mis\u00e9ricorde, pour le r\u00e9tablir dans la pl\u00e9nitude des gr\u00e2ces de <\/span><span dir=\"ltr\">la R\u00e9surrection, lui ordonna de toucher de sa main Ses plaies lumineuses de cruci<\/span><span dir=\"ltr\">fi\u00e9. Rappelons que dans l&rsquo;\u00e9vangile de Luc, ce n&rsquo;est pas seulement Thomas qui est <\/span><span dir=\"ltr\">incroyant, mais tous les disciples et que J\u00e9sus leur reproche leur incr\u00e9dulit\u00e9 : &lt;&lt;<\/span><span dir=\"ltr\">Voyez mes mains et mes pieds. Un esprit n&rsquo;a ni chair ni os comme vous voyez que <\/span><span dir=\"ltr\">j&rsquo;en ai. Avez<\/span><span dir=\"ltr\">&#8211;<\/span><span dir=\"ltr\">vous quelque chose \u00e0 manger ?<\/span> <span dir=\"ltr\">&gt;&gt; Par cons\u00e9quent, cette demande de <\/span><span dir=\"ltr\">Thomas aujourd&rsquo;hui est un aspect particulier de l&rsquo;enseignement donn\u00e9 aux disci<\/span><span dir=\"ltr\">ples par J\u00e9sus, car tous n&rsquo;avaient pas encore \u00e9t\u00e9 stabilis\u00e9s dans la foi.<\/span><\/span><span id=\"page51R_mcid4\" class=\"markedContent\"><br \/>\n<span dir=\"ltr\">Pourtant, Thomas t\u00e9moigne et confesse : &lt;&lt;<\/span> <span dir=\"ltr\">Mon Seigneur et mon Dieu.<\/span> <span dir=\"ltr\">&gt;&gt; Cette<\/span><br \/>\n<span dir=\"ltr\">confession de Thomas r\u00e9sonne dans l&rsquo;\u00c9glise enti\u00e8re jusqu&rsquo;\u00e0 aujourd&rsquo;hui. Nous aussi <\/span><span dir=\"ltr\">nous avons nos moments, sinon d&rsquo;incroyance, tout du moins d&rsquo;incertitude, d&rsquo;oubli.<\/span><br \/>\n<span dir=\"ltr\">La R\u00e9surrection est tellement lointaine, appartient \u00e0 un pass\u00e9 tellement r\u00e9volu,<\/span><br \/>\n<span dir=\"ltr\">nous vivons dans un monde tellement plein de haine, de guerres, de m\u00e9chancet\u00e9.<\/span><br \/>\n<span dir=\"ltr\">Pouvons<\/span><span dir=\"ltr\">&#8211;<\/span><span dir=\"ltr\">nous dire du fond du c\u0153ur que le Christ est ressuscit\u00e9 ? N&rsquo;y a<\/span><span dir=\"ltr\">&#8211;<\/span><span dir=\"ltr\">t<\/span><span dir=\"ltr\">&#8211;<\/span><span dir=\"ltr\">il pas une <\/span><span dir=\"ltr\">contradiction entre le monde de guerre et de violence qui nous entoure et la proc<\/span><span dir=\"ltr\">lamation : le Christ est ressuscit\u00e9 ! Pourtant, nous devons du fond de nous<\/span><span dir=\"ltr\">&#8211;<\/span><span dir=\"ltr\">m\u00eames <\/span><span dir=\"ltr\">le crier, le proclamer, et, s&rsquo;il le faut, briser notre propre incroyance en confessant <\/span><span dir=\"ltr\">le Seigneur ressuscit\u00e9.<\/span><\/span><span id=\"page51R_mcid5\" class=\"markedContent\"><br \/>\n<span dir=\"ltr\">Ce n&rsquo;est pas tout. Apr\u00e8s cette octave de huit jours, il y a l&rsquo;octave des huit semaines,<\/span><br \/>\n<span dir=\"ltr\">ou plut\u00f4t des sept semaines plus un jour, qui nous m\u00e8ne \u00e0 la Pentec\u00f4te. Selon le<\/span><br \/>\n<span dir=\"ltr\">Livre des Actes de l&rsquo;ap\u00f4tre Luc, la Pentec\u00f4te est l&rsquo;\u00e9v\u00e8nement fondateur de l&rsquo;\u00c9glise,<\/span><br \/>\n<span dir=\"ltr\">lorsque J\u00e9sus accomplit ce pour quoi Il est remont\u00e9 vers le P\u00e8re. &lt;&lt;<\/span> <span dir=\"ltr\">Il vaut mieux<\/span><br \/>\n<span dir=\"ltr\">pour vous que je m&rsquo;en aille. Si je m&rsquo;en vais, je vous enverrai l&rsquo;Esprit saint<\/span><span dir=\"ltr\">. &gt;&gt; J\u00e9sus<\/span><br \/>\n<span dir=\"ltr\">nous promet l&rsquo;Esprit saint. C&rsquo;est pourquoi les ap\u00f4tres s&rsquo;en retournent avec joie \u00e0<\/span><br \/>\n<span dir=\"ltr\">J\u00e9rusalem, apr\u00e8s l&rsquo;Ascension. Le Christ s&rsquo;est \u00e9loign\u00e9, mais ils savent que ce d\u00e9part<\/span><\/span><span id=\"page51R_mcid6\" class=\"markedContent\"><br \/>\n<\/span><span id=\"page55R_mcid0\" class=\"markedContent\"><span dir=\"ltr\">est porteur de la promesse de l&rsquo;Esprit saint et que dans l&rsquo;Esprit saint J\u00e9sus sera<\/span><\/span><br \/>\n<span id=\"page55R_mcid0\" class=\"markedContent\"><\/span><span id=\"page55R_mcid0\" class=\"markedContent\"><span dir=\"ltr\">presque plus pr\u00e9sent que jamais. Maintenant, dans cette octave de la R\u00e9surrection,<\/span><span dir=\"ltr\">nous sommes entre la joie de la R\u00e9surrection et l&rsquo;attente impatiente aussi bien que <\/span><span dir=\"ltr\">confiante en la venue de l&rsquo;Esprit. Bien s\u00fbr que l&rsquo;Esprit saint est l\u00e0, d\u00e8s maintenant.<\/span><br \/>\n<span dir=\"ltr\">S&rsquo;il n&rsquo;\u00e9tait l\u00e0, l&rsquo;\u00c9glise s&rsquo;effondrerait imm\u00e9diatement. Pourtant, nous l&rsquo;attendons,<\/span><br \/>\n<span dir=\"ltr\">nous l&rsquo;annon\u00e7ons et nous nous pr\u00e9parons \u00e0 sa venue.<\/span><\/span><span id=\"page55R_mcid1\" class=\"markedContent\"><br \/>\n<span dir=\"ltr\">Plus encore que cela : ce n&rsquo;est pas seulement la cinquantaine pascale, mais l&rsquo;ann\u00e9e <\/span><span dir=\"ltr\">tout enti\u00e8re qui est embrass\u00e9e dans ce myst\u00e8re de P\u00e2ques<\/span><span dir=\"ltr\">&#8211;<\/span><span dir=\"ltr\">Pentec\u00f4te. Et plus que <\/span><span dir=\"ltr\">l&rsquo;ann\u00e9e enti\u00e8re, c&rsquo;est l&rsquo;histoire enti\u00e8re de l&rsquo;humanit\u00e9 qui est embrass\u00e9e. Dans son <\/span><span dir=\"ltr\">premier discours, saint Pierre rappelle la proph\u00e9tie de Jo\u00ebl : &lt;&lt;<\/span> <span dir=\"ltr\">Je r\u00e9pandrai mon <\/span><span dir=\"ltr\">Esprit sur toute chair, vos fils et vos filles proph\u00e9tiseront.<\/span> <span dir=\"ltr\">&gt;&gt; Saint Pierre n&rsquo;ajoute <\/span><span dir=\"ltr\">qu&rsquo;un mot, &lt;&lt;<\/span> <span dir=\"ltr\">dans les derniers temps<\/span> <span dir=\"ltr\">&gt;&gt; Nous sommes ainsi plac\u00e9s dans cette r\u00e9<\/span><span dir=\"ltr\">alit\u00e9, dans cet \u00e9on, dans cet espace temporel unique de la R\u00e9surrection<\/span><span dir=\"ltr\">&#8211;<\/span><span dir=\"ltr\">Pentec\u00f4te <\/span><span dir=\"ltr\">qui ne font qu&rsquo;un, parce que le Christ et l&rsquo;Esprit ne font qu&rsquo;un. L&rsquo;Esprit est dans le <\/span><span dir=\"ltr\">Christ et le Christ est dans l&rsquo;Esprit. Lorsque nous sommes tourn\u00e9s vers le Christ,<\/span><span dir=\"ltr\">nous recevons l&rsquo;Esprit et lorsque nous invoquons l&rsquo;Esprit, nous nous unissons au <\/span><span dir=\"ltr\">Christ. Et par le Christ nous nous unissons au P\u00e8re, par cette pri\u00e8re que l&rsquo;Esprit <\/span><span dir=\"ltr\">g\u00e9mit lui<\/span><span dir=\"ltr\">&#8211;<\/span><span dir=\"ltr\">m\u00eame au<\/span><span dir=\"ltr\">&#8211;<\/span><span dir=\"ltr\">dedans de nous : \u00ab\u00a0<\/span><span dir=\"ltr\">Abba, P\u00e8re !<\/span> <span dir=\"ltr\">\u00ab\u00a0.<\/span><\/span><span id=\"page55R_mcid2\" class=\"markedContent\"><br \/>\n<span dir=\"ltr\">Par cons\u00e9quent, cet \u00e9vangile d&rsquo;aujourd&rsquo;hui englobe toute l&rsquo;histoire humaine. Cette <\/span><span dir=\"ltr\">universalit\u00e9 spatiale et temporelle est confirm\u00e9e par la r\u00e9ponse du Christ apr\u00e8s la <\/span><span dir=\"ltr\">confession de Thomas : &lt;&lt;<\/span> <span dir=\"ltr\">Parce que tu as vu, tu crois. Bienheureux ceux qui <\/span><span dir=\"ltr\">croiront sans avoir vu.<\/span> <span dir=\"ltr\">&gt;&gt; Cette parole s&rsquo;adresse \u00e0 nous, \u00e0 toutes les g\u00e9n\u00e9rations <\/span><span dir=\"ltr\">chr\u00e9tiennes qui re\u00e7oivent de c\u0153ur \u00e0 c\u0153ur, de bouche \u00e0 oreille, et qui d&rsquo;\u00e2ge en \u00e2ge <\/span><span dir=\"ltr\">et jusqu&rsquo;\u00e0 la fin des temps recevront de la sorte le message de la R\u00e9surrection et la <\/span><span dir=\"ltr\">Parole vivante, le Christ Lui<\/span><span dir=\"ltr\">&#8211;<\/span><span dir=\"ltr\">m\u00eame ressuscit\u00e9. Nous le recevons et nous le trans- <\/span><span dir=\"ltr\">mettons plus loin. Au d\u00e9but nous le recevons comme un enfant, nous recevons d&rsquo;un <\/span><span dir=\"ltr\">p\u00e8re ce que nos p\u00e8res ont eux<\/span><span dir=\"ltr\">&#8211;<\/span><span dir=\"ltr\">m\u00eames re\u00e7u. Puis nous grandissons et nous trans<\/span><span dir=\"ltr\">mettons cette vie nouvelle. C&rsquo;est cela l&rsquo;unique raison d&rsquo;\u00eatre de l&rsquo;\u00c9glise. Ce n&rsquo;est pas <\/span><span dir=\"ltr\">d&rsquo;accumuler une puissance terrestre, ce n&rsquo;est pas d&rsquo;affirmer sa situation ou d&rsquo;entrer <\/span><span dir=\"ltr\">dans des compromis, mais c&rsquo;est d&rsquo;annoncer envers et contre tout ce qui pour le <\/span><span dir=\"ltr\">monde est encore folie, la R\u00e9surrection du Christ.<\/span><\/span><span id=\"page55R_mcid3\" class=\"markedContent\"><br \/>\n<span dir=\"ltr\">Le Christ est ressuscit\u00e9!<\/span><\/span><span id=\"page55R_mcid4\" class=\"markedContent\"><\/span><span id=\"page55R_mcid5\" class=\"markedContent\"><br \/>\n<span dir=\"ltr\">Hom\u00e9lie du P. Boris Bobrinskoy,<\/span><\/span><span id=\"page55R_mcid6\" class=\"markedContent\"><br \/>\n<span dir=\"ltr\">Dimanche de Thomas 1999<\/span><\/span><span id=\"page55R_mcid7\" class=\"markedContent\"><br \/>\n<span dir=\"ltr\"><br \/>\n<\/span><\/span><\/p>\n<div class=\"canvasWrapper\"><\/div>\n<p><span id=\"page57R_mcid0\" class=\"markedContent\"><\/span><span id=\"page57R_mcid1\" class=\"markedContent\"><\/span><span id=\"page57R_mcid2\" class=\"markedContent\"><br \/>\n<span dir=\"ltr\">Divine Liturgie<\/span><\/span><span id=\"page57R_mcid3\" class=\"markedContent\"><br \/>\n<span dir=\"ltr\">1<\/span><span dir=\"ltr\">er<\/span> <span dir=\"ltr\">mai<\/span> <span dir=\"ltr\">: St Thomas<\/span><\/span><span id=\"page57R_mcid4\" class=\"markedContent\"><br \/>\n<span dir=\"ltr\">Epitre<\/span> <span dir=\"ltr\">: Actes 5, 12<\/span><span dir=\"ltr\">&#8211;<\/span><span dir=\"ltr\">20 ; Evangile<\/span> <span dir=\"ltr\">: Jean 20,19<\/span><span dir=\"ltr\">&#8211;<\/span><span dir=\"ltr\">31<\/span><\/span><span id=\"page57R_mcid5\" class=\"markedContent\"><br \/>\n<span dir=\"ltr\">8<\/span> <span dir=\"ltr\">: St Jean le Th\u00e9ologien<\/span><\/span><span id=\"page57R_mcid6\" class=\"markedContent\"><br \/>\n<span dir=\"ltr\">Epitre<\/span> <span dir=\"ltr\">: I Jean 1, 1<\/span><span dir=\"ltr\">&#8211;<\/span><span dir=\"ltr\">7 ; Evangile<\/span> <span dir=\"ltr\">: Marc 15,43<\/span> <span dir=\"ltr\">\u2013<\/span> <span dir=\"ltr\">16,8<\/span><\/span><span id=\"page57R_mcid7\" class=\"markedContent\"><br \/>\n<span dir=\"ltr\">15<\/span> <span dir=\"ltr\">: Le paralytique<\/span><\/span><span id=\"page57R_mcid8\" class=\"markedContent\"><br \/>\n<span dir=\"ltr\">Epitre<\/span> <span dir=\"ltr\">:Actes 9, 32<\/span><span dir=\"ltr\">&#8211;<\/span><span dir=\"ltr\">42<\/span> <span dir=\"ltr\">; Evangile<\/span> <span dir=\"ltr\">: Jean 5, 1<\/span><span dir=\"ltr\">&#8211;<\/span><span dir=\"ltr\">15<\/span><\/span><span id=\"page57R_mcid9\" class=\"markedContent\"><br \/>\n<span dir=\"ltr\">22<\/span> <span dir=\"ltr\">: La Samaritaine<\/span><\/span><span id=\"page57R_mcid10\" class=\"markedContent\"><br \/>\n<span dir=\"ltr\">Epitre<\/span> <span dir=\"ltr\">: Actes 11,19<\/span><span dir=\"ltr\">&#8211;<\/span><span dir=\"ltr\">30 ; Evangile<\/span> <span dir=\"ltr\">: Jean 4, 5<\/span><span dir=\"ltr\">&#8211;<\/span><span dir=\"ltr\">42<\/span><\/span><span id=\"page57R_mcid11\" class=\"markedContent\"><br \/>\n<span dir=\"ltr\">29<\/span> <span dir=\"ltr\">: l<\/span><span dir=\"ltr\">\u2019<\/span><span dir=\"ltr\">aveugle<\/span><\/span><span id=\"page57R_mcid12\" class=\"markedContent\"><br \/>\n<span dir=\"ltr\">Epitre<\/span> <span dir=\"ltr\">: Actes 16, 16<\/span><span dir=\"ltr\">&#8211;<\/span><span dir=\"ltr\">34 ; Evangile<\/span> <span dir=\"ltr\">: Jean 9, 1<\/span><span dir=\"ltr\">&#8211;<\/span><span dir=\"ltr\">38<\/span><\/span><span id=\"page57R_mcid13\" class=\"markedContent\"><br \/>\n<span dir=\"ltr\">Eglise orthodoxe de la<\/span><\/span><span id=\"page57R_mcid14\" class=\"markedContent\"><br \/>\n<span dir=\"ltr\">Sainte Transfiguration<\/span><\/span><span id=\"page57R_mcid15\" class=\"markedContent\"><br \/>\n<span dir=\"ltr\">Grande<\/span><span dir=\"ltr\">&#8211;<\/span><span dir=\"ltr\">Rivi<\/span><\/span><span id=\"page57R_mcid16\" class=\"markedContent\"><span dir=\"ltr\">\u00e8re N<\/span><span dir=\"ltr\">&#8211;<\/span><span dir=\"ltr\">O<\/span><\/span><span id=\"page57R_mcid17\" class=\"markedContent\"><br \/>\n<span dir=\"ltr\">Ile Maurice<\/span><\/span><span id=\"page57R_mcid18\" class=\"markedContent\"><br \/>\n<span dir=\"ltr\">(derri\u00e8re le garage Bala)<\/span><\/span><span id=\"page57R_mcid19\" class=\"markedContent\"><br \/>\n<span dir=\"ltr\">Divine Liturgie<\/span><\/span><span id=\"page57R_mcid20\" class=\"markedContent\"><br \/>\n<span dir=\"ltr\">Chaque dimanche \u00e0 9h30<\/span><\/span><span id=\"page57R_mcid21\" class=\"markedContent\"><br \/>\n<span dir=\"ltr\">Site WEB:<\/span><\/span><span id=\"page57R_mcid22\" class=\"markedContent\"><br \/>\n<span dir=\"ltr\">http:\/\/orthodoxchurchmauritius.org<\/span><\/span><span id=\"page57R_mcid23\" class=\"markedContent\"><\/span><span id=\"page57R_mcid24\" class=\"markedContent\"><\/span><span id=\"page57R_mcid25\" class=\"markedContent\"><\/span><span id=\"page57R_mcid26\" class=\"markedContent\"><\/span><span id=\"page57R_mcid27\" class=\"markedContent\"><\/span><span id=\"page57R_mcid28\" class=\"markedContent\"><\/span><span id=\"page57R_mcid29\" class=\"markedContent\"><\/span><span id=\"page57R_mcid30\" class=\"markedContent\"><\/span><span id=\"page57R_mcid31\" class=\"markedContent\"><br \/>\n<span dir=\"ltr\">P\u00e8re<\/span> <span dir=\"ltr\">Athanasios<\/span><span dir=\"ltr\">, tel.: 57 33 32 53<\/span><\/span><span id=\"page57R_mcid32\" class=\"markedContent\"><br \/>\n<span dir=\"ltr\">E<\/span><span dir=\"ltr\">&#8211;<\/span><span dir=\"ltr\">mail:<\/span> <span dir=\"ltr\">p.athanasios@myt.mu<\/span><\/span><span id=\"page57R_mcid33\" class=\"markedContent\"><\/span><span id=\"page57R_mcid34\" class=\"markedContent\"><br \/>\n<span dir=\"ltr\">P\u00e8re<\/span> <span dir=\"ltr\">Ian<\/span><span dir=\"ltr\">, tel.: 52 57 90 53<\/span><\/span><span id=\"page57R_mcid35\" class=\"markedContent\"><br \/>\n<span dir=\"ltr\">E<\/span><span dir=\"ltr\">&#8211;<\/span><span dir=\"ltr\">mail:<\/span> <span dir=\"ltr\">fr.ian@antiochian.org.nz<\/span><\/span><\/p>\n","protected":false},"excerpt":{"rendered":"<p>Paroisse orthodoxe de la sainte Transfiguration Num\u00e9ro 76, mai 2022 Le Christ est ressuscit\u00e9 ! La Voix de l\u2019\u00c9vangile De P\u00e2ques au dimanche de Thomas, il y a exactement huit jours. Ce chiffre huit est hautement symbolique de la pl\u00e9nitude et du d\u00e9passement du temps dans le Royaume de Dieu. Tout le temps et tout &hellip; <a href=\"http:\/\/www.orthodoxie-reunion.com\/?p=2383\" class=\"more-link\">Continuer la lecture de <span class=\"screen-reader-text\">Bulletin du mois de mai 2022 de l\u2019\u00c9glise Orthodoxe \u00e0 Maurice<\/span><\/a><\/p>\n","protected":false},"author":1,"featured_media":0,"comment_status":"open","ping_status":"open","sticky":false,"template":"","format":"standard","meta":{"footnotes":""},"categories":[16],"tags":[],"class_list":["post-2383","post","type-post","status-publish","format-standard","hentry","category-catechese"],"_links":{"self":[{"href":"http:\/\/www.orthodoxie-reunion.com\/index.php?rest_route=\/wp\/v2\/posts\/2383","targetHints":{"allow":["GET"]}}],"collection":[{"href":"http:\/\/www.orthodoxie-reunion.com\/index.php?rest_route=\/wp\/v2\/posts"}],"about":[{"href":"http:\/\/www.orthodoxie-reunion.com\/index.php?rest_route=\/wp\/v2\/types\/post"}],"author":[{"embeddable":true,"href":"http:\/\/www.orthodoxie-reunion.com\/index.php?rest_route=\/wp\/v2\/users\/1"}],"replies":[{"embeddable":true,"href":"http:\/\/www.orthodoxie-reunion.com\/index.php?rest_route=%2Fwp%2Fv2%2Fcomments&post=2383"}],"version-history":[{"count":1,"href":"http:\/\/www.orthodoxie-reunion.com\/index.php?rest_route=\/wp\/v2\/posts\/2383\/revisions"}],"predecessor-version":[{"id":2384,"href":"http:\/\/www.orthodoxie-reunion.com\/index.php?rest_route=\/wp\/v2\/posts\/2383\/revisions\/2384"}],"wp:attachment":[{"href":"http:\/\/www.orthodoxie-reunion.com\/index.php?rest_route=%2Fwp%2Fv2%2Fmedia&parent=2383"}],"wp:term":[{"taxonomy":"category","embeddable":true,"href":"http:\/\/www.orthodoxie-reunion.com\/index.php?rest_route=%2Fwp%2Fv2%2Fcategories&post=2383"},{"taxonomy":"post_tag","embeddable":true,"href":"http:\/\/www.orthodoxie-reunion.com\/index.php?rest_route=%2Fwp%2Fv2%2Ftags&post=2383"}],"curies":[{"name":"wp","href":"https:\/\/api.w.org\/{rel}","templated":true}]}}