{"id":2346,"date":"2022-04-01T09:57:17","date_gmt":"2022-04-01T09:57:17","guid":{"rendered":"http:\/\/www.orthodoxie-reunion.com\/?p=2346"},"modified":"2022-04-01T09:57:17","modified_gmt":"2022-04-01T09:57:17","slug":"bulletin-du-mois-davril-2022-de-leglise-orthodoxe-a-maurice","status":"publish","type":"post","link":"http:\/\/www.orthodoxie-reunion.com\/?p=2346","title":{"rendered":"Bulletin du mois d&rsquo;avril 2022 de l&rsquo;Eglise Orthodoxe \u00e0 Maurice"},"content":{"rendered":"<p><span id=\"page3R_mcid0\" class=\"markedContent\"><span dir=\"ltr\">Paroisse orthodoxe de la sainte Transfiguration<\/span><\/span><span id=\"page3R_mcid1\" class=\"markedContent\"><br \/>\n<span dir=\"ltr\">Num\u00e9ro<\/span><\/span><span id=\"page3R_mcid2\" class=\"markedContent\"> <span dir=\"ltr\">75, avril 2022<\/span><\/span><span id=\"page3R_mcid3\" class=\"markedContent\"><br \/>\n<span dir=\"ltr\">Dans l&rsquo;un de ses \u00e9crits, Saint Jean Climaque, dont nous c\u00e9l\u00e9brons la <\/span><span dir=\"ltr\">m\u00e9moire le dimanche 3 avril, affirme<\/span> <span dir=\"ltr\">: \u00ab M<\/span><span dir=\"ltr\">es fr\u00e8res, nous ne serons <\/span><span dir=\"ltr\">pas jug\u00e9s pour n&rsquo;avoir pas fait de miracles ou de proph\u00e9ties; mais <\/span><span dir=\"ltr\">nous serons jug\u00e9s pour n&rsquo;avoir pas pleur\u00e9 nos p\u00e9ch\u00e9s Durant toute <\/span><span dir=\"ltr\">notre vie<\/span> <span dir=\"ltr\">\u00bb&#8230;<\/span><\/span><span id=\"page3R_mcid4\" class=\"markedContent\"><br \/>\n<span dir=\"ltr\">Qu&rsquo;est<\/span><span dir=\"ltr\">&#8211;<\/span><span dir=\"ltr\">ce qu&rsquo;un p\u00e9ch\u00e9 s<\/span><span dir=\"ltr\">\u2019<\/span><span dir=\"ltr\">il doit engendrer en nous la d\u00e9solation du<\/span><br \/>\n<span dir=\"ltr\">c\u0153ur, et si cette douleur du c\u0153ur, au lieu d&rsquo;assombrir notre vie, doit <\/span><span dir=\"ltr\">servir \u00e0 l<\/span><span dir=\"ltr\">\u2019<\/span><span dir=\"ltr\">inspirer ?<\/span><\/span><span id=\"page3R_mcid5\" class=\"markedContent\"><br \/>\n<span dir=\"ltr\">Nous pensons souvent que le p\u00e9ch\u00e9 est la transgression d&rsquo;une loi, la <\/span><span dir=\"ltr\">violation d&rsquo;une dette, un acte injuste. Toutefois, dans le p\u00e9ch\u00e9, il y a <\/span><span dir=\"ltr\">quelque chose de bien plus fondamental qui doit v\u00e9ritablement<\/span><\/span><span id=\"page3R_mcid6\" class=\"markedContent\"><br \/>\n<\/span><span id=\"page3R_mcid7\" class=\"markedContent\"><\/span><span id=\"page3R_mcid8\" class=\"markedContent\"><br \/>\n<\/span><span id=\"page3R_mcid10\" class=\"markedContent\"><\/span><span id=\"page51R_mcid0\" class=\"markedContent\"><span dir=\"ltr\">provoquer en nous de la tristesse, et plus que cela, une souffrance <\/span><\/span><br \/>\n<span id=\"page51R_mcid0\" class=\"markedContent\"><\/span><span id=\"page51R_mcid0\" class=\"markedContent\"><span dir=\"ltr\">profonde et aigu\u00eb.<\/span><\/span><span id=\"page51R_mcid1\" class=\"markedContent\"><br \/>\n<span dir=\"ltr\">Le p\u00e9ch\u00e9 est tromperie, infid\u00e9lit\u00e9 et d\u00e9loyaut\u00e9 envers Dieu parce que <\/span><span dir=\"ltr\">le p\u00e9ch\u00e9 signifie qu&rsquo;\u00e0 chaque fois que Dieu s&rsquo;est adress\u00e9 \u00e0 nous, Ses <\/span><span dir=\"ltr\">paroles n&rsquo;ont eu que peu d<\/span><span dir=\"ltr\">\u2019<\/span><span dir=\"ltr\">importance, elles n&rsquo;ont pas \u00e9t\u00e9 pour nous <\/span><span dir=\"ltr\">essentielles bien qu&rsquo;Il se soit adress\u00e9 \u00e0 nous avec tout Son amour <\/span><span dir=\"ltr\">divin, afin de nous montrer combien nous sommes pr\u00e9cieux \u00e0 Ses <\/span><span dir=\"ltr\">yeux. Quel prix avons<\/span><span dir=\"ltr\">&#8211;<\/span><span dir=\"ltr\">nous pour Lui, s&rsquo;Il a donn\u00e9 Sa vie et Sa mort <\/span><span dir=\"ltr\">afin de nous sauver et que nous croyions en Son amour divin !<\/span><\/span><span id=\"page51R_mcid2\" class=\"markedContent\"><br \/>\n<span dir=\"ltr\">C&rsquo;est pourquoi, lorsque nous p\u00e9chons, cela signifie que nous nous<\/span><br \/>\n<span dir=\"ltr\">d\u00e9tournons de Celui qui nous a aim\u00e9 \u00ab<\/span> <span dir=\"ltr\">\u00e0 la vie et \u00e0 la mort<\/span> <span dir=\"ltr\">\u00bb et, par<\/span><br \/>\n<span dir=\"ltr\">cons\u00e9quent, que Sa vie et Sa mort sont trop insignifiantes \u00e0 nos yeux <\/span><span dir=\"ltr\">pour que nous y r\u00e9pondions avec amour, avec fid\u00e9lit\u00e9 et d\u00e9voue<\/span><span dir=\"ltr\">ment. Or, le r\u00e9sultat d&rsquo;une telle attitude est que nous transgressons <\/span><span dir=\"ltr\">sans arr\u00eat les lois de vie qui conduisent \u00e0 la vie \u00e9ternelle, ces lois qui <\/span><span dir=\"ltr\">auraient pu nous rendre v\u00e9ritablement humains comme le Christ <\/span><span dir=\"ltr\">\u00e9tait un v\u00e9ritable homme, dans une pleine harmonie avec Dieu.<\/span><\/span><span id=\"page51R_mcid3\" class=\"markedContent\"><br \/>\n<span dir=\"ltr\">Mais tous ces p\u00e9ch\u00e9s concrets que nous accomplissons sans cesse, la <\/span><span dir=\"ltr\">n\u00e9gligence<\/span> <span dir=\"ltr\">les<\/span> <span dir=\"ltr\">uns<\/span> <span dir=\"ltr\">envers<\/span> <span dir=\"ltr\">les<\/span> <span dir=\"ltr\">autres,<\/span> <span dir=\"ltr\">l<\/span><span dir=\"ltr\">\u2019<\/span><span dir=\"ltr\">indiff\u00e9rence<\/span> <span dir=\"ltr\">:<\/span> <span dir=\"ltr\">tout<\/span> <span dir=\"ltr\">cela<\/span><br \/>\n<span dir=\"ltr\">provient de l&rsquo;apathie de nos c\u0153urs.<\/span><\/span><span id=\"page51R_mcid4\" class=\"markedContent\"><br \/>\n<span dir=\"ltr\">Le Christ ne dit pas en vain dans l<\/span><span dir=\"ltr\">\u2019<\/span><span dir=\"ltr\">\u00c9vangile de ce jour : \u00ab<\/span> <span dir=\"ltr\">Un tel esprit, <\/span><span dir=\"ltr\">on ne le chasse que par le je\u00fbne et la pri\u00e8re<\/span> <span dir=\"ltr\">\u00bb. Le car\u00eame signifie qu&rsquo;il <\/span><span dir=\"ltr\">faut se d\u00e9tourner de tout ce qui nous attire, nous s\u00e9duit, nous d\u00e9<\/span><span dir=\"ltr\">tourne de l&rsquo;amour, de la loyaut\u00e9 et de la fid\u00e9lit\u00e9, et d\u00e9truit notre <\/span><span dir=\"ltr\">unit\u00e9. La pri\u00e8re est la relation avec le Dieu vivant qui est amour, et <\/span><span dir=\"ltr\">en qui seul nos pouvons trouver la force d&rsquo;aimer.<\/span><\/span><span id=\"page51R_mcid5\" class=\"markedContent\"><br \/>\n<span dir=\"ltr\">On comprend pourquoi, quand un homme, qui avait amen\u00e9 son en<\/span><span dir=\"ltr\">fant \u00e9pileptique aux disciples du Christ, s&rsquo;est adress\u00e9 \u00e0 lui en lui di<\/span><span dir=\"ltr\">sant : \u00ab<\/span> <span dir=\"ltr\">Ils n&rsquo;ont pas pu le gu\u00e9rir<\/span> <span dir=\"ltr\">\u00bb, le Christ a r\u00e9pondu : \u00ab<\/span> <span dir=\"ltr\">Amenez<\/span><span dir=\"ltr\">&#8211;<\/span><span dir=\"ltr\">le<\/span><span dir=\"ltr\">&#8211;<\/span><span dir=\"ltr\">Moi<\/span> <span dir=\"ltr\">\u00bb. Si l&rsquo;on n&rsquo;est pas amen\u00e9 au Christ, tous les efforts sont vains.<\/span><\/span><span id=\"page51R_mcid6\" class=\"markedContent\"><span dir=\"ltr\">Dans notre relation \u00e0 Dieu, nous devons \u00eatre comme des amoureux<\/span><\/span><span id=\"page51R_mcid7\" class=\"markedContent\"><br \/>\n<span dir=\"ltr\"><br \/>\n<\/span><\/span><span id=\"page51R_mcid8\" class=\"markedContent\"><\/span><\/p>\n<div class=\"canvasWrapper\"><\/div>\n<p><span id=\"page55R_mcid0\" class=\"markedContent\"><span dir=\"ltr\">dont le c\u0153ur, \u00e0 chaque instant, nuit et jour, qu&rsquo;ils soient endormis ou <\/span><span dir=\"ltr\">\u00e9veill\u00e9s, jubile et palpite d&rsquo;un amour qui les emplit totalement, qui <\/span><span dir=\"ltr\">est joie, paix, force et audace ; un amour qui fait qu&rsquo;en regardant <\/span><span dir=\"ltr\">autour de nous nous verrions chacun dans une nouvelle lumi\u00e8re, <\/span><span dir=\"ltr\">nous verrions l&rsquo;image de Dieu brillant en chacun de ceux que nous <\/span><span dir=\"ltr\">rencontrerions, et nous nous en r\u00e9jouirions.<\/span><\/span><span id=\"page55R_mcid1\" class=\"markedContent\"><br \/>\n<span dir=\"ltr\">Voil\u00e0 pourquoi saint Jean Climaque nous appelle \u00e0 concentrer toute <\/span><span dir=\"ltr\">notre attention sur notre relation \u00e0 Dieu ; parce que c&rsquo;est de celle<\/span><span dir=\"ltr\">&#8211;<\/span><span dir=\"ltr\">ci <\/span><span dir=\"ltr\">que d\u00e9pend tout le reste. Dieu est comme la cl\u00e9 de l&rsquo;harmonie gr\u00e2ce <\/span><span dir=\"ltr\">\u00e0 laquelle on peut d\u00e9chiffrer et chanter une m\u00e9lodie ; Dieu, dit un <\/span><span dir=\"ltr\">autre \u00e9crivain, est une fine cordelette liant ensemble des fleurs qui, <\/span><span dir=\"ltr\">sinon, s&rsquo;\u00e9parpilleraient ; tout comme les fleurs, m\u00eame les vertus, <\/span><span dir=\"ltr\">m\u00eame la beaut\u00e9, m\u00eame la v\u00e9rit\u00e9 part en morceaux s&rsquo;il n&rsquo;y a pas <\/span><span dir=\"ltr\">d&rsquo;amour divin, d&rsquo;all\u00e9gresse, de joie, qui ne nous sont donn\u00e9s que <\/span><span dir=\"ltr\">dans notre relation \u00e0 Dieu, parce qu&rsquo;Il est amour, Il est la vie. Il est la <\/span><span dir=\"ltr\">v\u00e9rit\u00e9, Il est la joie, la lumi\u00e8re, la jubilation.<\/span><\/span><span id=\"page55R_mcid2\" class=\"markedContent\"><br \/>\n<span dir=\"ltr\">Tournons<\/span><span dir=\"ltr\">&#8211;<\/span><span dir=\"ltr\">nos donc vers ce repentir dont parle saint Jean Climaque.<\/span><br \/>\n<span dir=\"ltr\">Ne pleurons pas vainement le pass\u00e9, ne regrettons pas vainement de <\/span><span dir=\"ltr\">n&rsquo;\u00eatre pas ce que nous voudrions \u00eatre, mais tournons<\/span><span dir=\"ltr\">&#8211;<\/span><span dir=\"ltr\">nous vers un <\/span><span dir=\"ltr\">repentir qui est un cri vers Dieu :\u00a0<\/span> <span dir=\"ltr\">Viens, Seigneur, viens vite !<\/span> Si <span dir=\"ltr\">nous crions de tout notre c\u0153ur, de toute notre intelligence, de toute <\/span><span dir=\"ltr\">notre pauvret\u00e9, le Seigneur viendra et, dans la relation avec le Dieu <\/span><span dir=\"ltr\">vivant, nous nous trouverons nous<\/span><span dir=\"ltr\">&#8211;<\/span><span dir=\"ltr\">m\u00eames et tout deviendra beaut\u00e9 : <\/span><span dir=\"ltr\">nous entrerons dans le Royaume des Cieux. Amen.<\/span><\/span><span id=\"page55R_mcid3\" class=\"markedContent\"><\/span><span id=\"page55R_mcid4\" class=\"markedContent\"><br \/>\n<em><span dir=\"ltr\">D<\/span><span dir=\"ltr\">\u2019<\/span><span dir=\"ltr\">apr\u00e8s Mgr Antoine Bloom,<\/span> <span dir=\"ltr\">Hom\u00e9lies pour chaque dimanche<\/span><span dir=\"ltr\">,<\/span><\/em><\/span><em><span id=\"page55R_mcid5\" class=\"markedContent\"><br \/>\n<span dir=\"ltr\">Sofia, 2018, pages 210<\/span><span dir=\"ltr\">&#8211;<\/span><span dir=\"ltr\">214.<\/span><\/span><span id=\"page55R_mcid6\" class=\"markedContent\"><br \/>\n<span dir=\"ltr\"><br \/>\n<\/span><\/span><\/em><\/p>\n<div class=\"canvasWrapper\"><\/div>\n<p><span id=\"page57R_mcid2\" class=\"markedContent\"><br \/>\n<span dir=\"ltr\">Divine Liturgie<\/span><\/span><span id=\"page57R_mcid3\" class=\"markedContent\"><\/span><span id=\"page57R_mcid4\" class=\"markedContent\"><br \/>\n<span dir=\"ltr\">Dimanche<\/span> <span dir=\"ltr\">3 avril<\/span> <span dir=\"ltr\">:<\/span> <span dir=\"ltr\">St Jean Climaque<\/span><\/span><span id=\"page57R_mcid5\" class=\"markedContent\"><br \/>\n<span dir=\"ltr\">Epitre<\/span> <span dir=\"ltr\">: H\u00e9b. 6, 13<\/span><span dir=\"ltr\">&#8211;<\/span><span dir=\"ltr\">20<\/span> <span dir=\"ltr\">; Evangile<\/span> <span dir=\"ltr\">: Marc 9, 17<\/span><span dir=\"ltr\">&#8211;<\/span><span dir=\"ltr\">32<\/span><\/span><span id=\"page57R_mcid6\" class=\"markedContent\"><br \/>\n<span dir=\"ltr\">10<\/span> <span dir=\"ltr\">: Ste Marie d<\/span><span dir=\"ltr\">\u2019<\/span><span dir=\"ltr\">\u00c9gypte<\/span><\/span><span id=\"page57R_mcid7\" class=\"markedContent\"><br \/>\n<span dir=\"ltr\">Epitre<\/span> <span dir=\"ltr\">: H\u00e9. 9, 11<\/span><\/span><span id=\"page57R_mcid7\" class=\"markedContent\"><span dir=\"ltr\">; Evangile<\/span> <span dir=\"ltr\">: Marc 10, 32<\/span><span dir=\"ltr\">&#8211;<\/span><span dir=\"ltr\">45<\/span><\/span><span id=\"page57R_mcid8\" class=\"markedContent\"><br \/>\n<span dir=\"ltr\">17<\/span> <span dir=\"ltr\">:<\/span> <span dir=\"ltr\">Rameaux<\/span><\/span><span id=\"page57R_mcid9\" class=\"markedContent\"><br \/>\n<span dir=\"ltr\">Epitre<\/span> <span dir=\"ltr\">: Phil. 4, 4<\/span><span dir=\"ltr\">&#8211;<\/span><span dir=\"ltr\">9<\/span> <span dir=\"ltr\">; Evangile<\/span> <span dir=\"ltr\">: Jean 12, 1<\/span><span dir=\"ltr\">&#8211;<\/span><span dir=\"ltr\">18<\/span><\/span><span id=\"page57R_mcid10\" class=\"markedContent\"><br \/>\n<span dir=\"ltr\">Mercredi saint<\/span> <span dir=\"ltr\">20, \u00e0 18h30<\/span> <span dir=\"ltr\">:<\/span> <span dir=\"ltr\">Office de l<\/span><span dir=\"ltr\">\u2019<\/span><span dir=\"ltr\">huile sainte.<\/span><\/span><span id=\"page57R_mcid11\" class=\"markedContent\"><br \/>\n<span dir=\"ltr\">Vendredi saint<\/span> <span dir=\"ltr\">22, \u00e0 15h<\/span> <span dir=\"ltr\">: d\u00e9coration de l<\/span><span dir=\"ltr\">\u2019<\/span><span dir=\"ltr\">Epitaphion<\/span><\/span><span id=\"page57R_mcid12\" class=\"markedContent\"><br \/>\n<span dir=\"ltr\">\u00e0 17h<\/span> <span dir=\"ltr\">:<\/span> <span dir=\"ltr\">Lamentations<\/span><\/span><span id=\"page57R_mcid13\" class=\"markedContent\"><br \/>\n<span dir=\"ltr\">Dimanche 24<\/span> <span dir=\"ltr\">: Grande et sainte P\u00c2QUE<\/span><span dir=\"ltr\">.<\/span><\/span><span id=\"page57R_mcid14\" class=\"markedContent\"><br \/>\n<span dir=\"ltr\">Epitre<\/span> <span dir=\"ltr\">: Actes 1, 1<\/span><span dir=\"ltr\">&#8211;<\/span><span dir=\"ltr\">8<\/span> <span dir=\"ltr\">; Evangile<\/span> <span dir=\"ltr\">: Jean 1, 1<\/span><span dir=\"ltr\">&#8211;<\/span><span dir=\"ltr\">17<\/span><\/span><span id=\"page57R_mcid15\" class=\"markedContent\"><br \/>\n<span dir=\"ltr\">Eglise orthodoxe de la<\/span><\/span><span id=\"page57R_mcid16\" class=\"markedContent\"><br \/>\n<span dir=\"ltr\">Sainte Transfiguration<\/span><\/span><span id=\"page57R_mcid17\" class=\"markedContent\"><br \/>\n<span dir=\"ltr\">Grande<\/span><span dir=\"ltr\">&#8211;<\/span><span dir=\"ltr\">Rivi<\/span><\/span><span id=\"page57R_mcid18\" class=\"markedContent\"><span dir=\"ltr\">\u00e8re N<\/span><span dir=\"ltr\">&#8211;<\/span><span dir=\"ltr\">O<\/span><\/span><span id=\"page57R_mcid19\" class=\"markedContent\"><br \/>\n<span dir=\"ltr\">Ile Maurice<\/span><\/span><span id=\"page57R_mcid20\" class=\"markedContent\"><br \/>\n<span dir=\"ltr\">(derri\u00e8re le garage Bala)<\/span><\/span><span id=\"page57R_mcid21\" class=\"markedContent\"><br \/>\n<span dir=\"ltr\">Divine Liturgie<\/span><\/span><span id=\"page57R_mcid22\" class=\"markedContent\"><br \/>\n<span dir=\"ltr\">Chaque dimanche \u00e0 9h30<\/span><\/span><span id=\"page57R_mcid23\" class=\"markedContent\"><br \/>\n<span dir=\"ltr\">Site WEB:<\/span><\/span><span id=\"page57R_mcid24\" class=\"markedContent\"><br \/>\n<span dir=\"ltr\">http:\/\/orthodoxchurchmauritius.org<\/span><\/span><span id=\"page57R_mcid25\" class=\"markedContent\"><\/span><span id=\"page57R_mcid26\" class=\"markedContent\"><\/span><span id=\"page57R_mcid27\" class=\"markedContent\"><\/span><span id=\"page57R_mcid28\" class=\"markedContent\"><\/span><span id=\"page57R_mcid29\" class=\"markedContent\"><\/span><span id=\"page57R_mcid30\" class=\"markedContent\"><\/span><span id=\"page57R_mcid31\" class=\"markedContent\"><\/span><span id=\"page57R_mcid32\" class=\"markedContent\"><\/span><span id=\"page57R_mcid33\" class=\"markedContent\"><br \/>\n<span dir=\"ltr\">P\u00e8re<\/span> <span dir=\"ltr\">Athanasios<\/span><span dir=\"ltr\">, tel.: 57 33 32 53<\/span><\/span><span id=\"page57R_mcid34\" class=\"markedContent\"><br \/>\n<span dir=\"ltr\">E<\/span><span dir=\"ltr\">&#8211;<\/span><span dir=\"ltr\">mail:<\/span> <span dir=\"ltr\">p.athanasios@myt.mu<\/span><\/span><span id=\"page57R_mcid35\" class=\"markedContent\"><\/span><span id=\"page57R_mcid36\" class=\"markedContent\"><br \/>\n<span dir=\"ltr\">P\u00e8re<\/span> <span dir=\"ltr\">Ian<\/span><span dir=\"ltr\">, tel.: 52 57 90 53<\/span><\/span><span id=\"page57R_mcid37\" class=\"markedContent\"><br \/>\n<span dir=\"ltr\">E<\/span><span dir=\"ltr\">&#8211;<\/span><span dir=\"ltr\">mail:<\/span> <span dir=\"ltr\">fr.ian@antiochian.org.nz<\/span><\/span><\/p>\n","protected":false},"excerpt":{"rendered":"<p>Paroisse orthodoxe de la sainte Transfiguration Num\u00e9ro 75, avril 2022 Dans l&rsquo;un de ses \u00e9crits, Saint Jean Climaque, dont nous c\u00e9l\u00e9brons la m\u00e9moire le dimanche 3 avril, affirme : \u00ab Mes fr\u00e8res, nous ne serons pas jug\u00e9s pour n&rsquo;avoir pas fait de miracles ou de proph\u00e9ties; mais nous serons jug\u00e9s pour n&rsquo;avoir pas pleur\u00e9 nos &hellip; <a href=\"http:\/\/www.orthodoxie-reunion.com\/?p=2346\" class=\"more-link\">Continuer la lecture de <span class=\"screen-reader-text\">Bulletin du mois d&rsquo;avril 2022 de l&rsquo;Eglise Orthodoxe \u00e0 Maurice<\/span><\/a><\/p>\n","protected":false},"author":1,"featured_media":0,"comment_status":"open","ping_status":"open","sticky":false,"template":"","format":"standard","meta":{"footnotes":""},"categories":[1],"tags":[],"class_list":["post-2346","post","type-post","status-publish","format-standard","hentry","category-non-classe"],"_links":{"self":[{"href":"http:\/\/www.orthodoxie-reunion.com\/index.php?rest_route=\/wp\/v2\/posts\/2346","targetHints":{"allow":["GET"]}}],"collection":[{"href":"http:\/\/www.orthodoxie-reunion.com\/index.php?rest_route=\/wp\/v2\/posts"}],"about":[{"href":"http:\/\/www.orthodoxie-reunion.com\/index.php?rest_route=\/wp\/v2\/types\/post"}],"author":[{"embeddable":true,"href":"http:\/\/www.orthodoxie-reunion.com\/index.php?rest_route=\/wp\/v2\/users\/1"}],"replies":[{"embeddable":true,"href":"http:\/\/www.orthodoxie-reunion.com\/index.php?rest_route=%2Fwp%2Fv2%2Fcomments&post=2346"}],"version-history":[{"count":1,"href":"http:\/\/www.orthodoxie-reunion.com\/index.php?rest_route=\/wp\/v2\/posts\/2346\/revisions"}],"predecessor-version":[{"id":2347,"href":"http:\/\/www.orthodoxie-reunion.com\/index.php?rest_route=\/wp\/v2\/posts\/2346\/revisions\/2347"}],"wp:attachment":[{"href":"http:\/\/www.orthodoxie-reunion.com\/index.php?rest_route=%2Fwp%2Fv2%2Fmedia&parent=2346"}],"wp:term":[{"taxonomy":"category","embeddable":true,"href":"http:\/\/www.orthodoxie-reunion.com\/index.php?rest_route=%2Fwp%2Fv2%2Fcategories&post=2346"},{"taxonomy":"post_tag","embeddable":true,"href":"http:\/\/www.orthodoxie-reunion.com\/index.php?rest_route=%2Fwp%2Fv2%2Ftags&post=2346"}],"curies":[{"name":"wp","href":"https:\/\/api.w.org\/{rel}","templated":true}]}}