{"id":2329,"date":"2022-02-01T04:11:35","date_gmt":"2022-02-01T04:11:35","guid":{"rendered":"http:\/\/www.orthodoxie-reunion.com\/?p=2329"},"modified":"2022-02-01T04:11:35","modified_gmt":"2022-02-01T04:11:35","slug":"bulletin-du-mois-de-fevrier-2022-de-leglise-orthodoxe-a-maurice","status":"publish","type":"post","link":"http:\/\/www.orthodoxie-reunion.com\/?p=2329","title":{"rendered":"Bulletin du mois de F\u00e9vrier 2022 de l&rsquo;Eglise Orthodoxe \u00e0 Maurice"},"content":{"rendered":"<p><span id=\"page3R_mcid0\" class=\"markedContent\"><span dir=\"ltr\">Paroisse orthodoxe de la sainte Transfiguration<\/span><\/span><span id=\"page3R_mcid1\" class=\"markedContent\"><br \/>\n<span dir=\"ltr\">Num\u00e9ro<\/span><\/span><span id=\"page3R_mcid2\" class=\"markedContent\"> <span dir=\"ltr\">73, f\u00e9vrier 2022<\/span><\/span><span id=\"page3R_mcid3\" class=\"markedContent\"><br \/>\n<span dir=\"ltr\">Avec ce r\u00e9cit du pharisien et du publicain, nous entrons pleinement<\/span> <span dir=\"ltr\">dans la p\u00e9riode de pr\u00e9paration du Grand Car\u00eame que, d&rsquo;une fa\u00e7on<\/span> <span dir=\"ltr\">tr\u00e8s p\u00e9dagogique, la liturgie nous m\u00e9nage chaque ann\u00e9e. Le Seigneur<\/span> <span dir=\"ltr\">met devant nos yeux cette image du publicain dont la pri\u00e8re humble<\/span> <span dir=\"ltr\">et repentante contraste avec celle, orgueilleuse, du pharisien.<\/span><\/span><span id=\"page3R_mcid4\" class=\"markedContent\"><br \/>\n<span dir=\"ltr\">Ainsi, l&rsquo;\u00c9glise veut nous faire comprendre toujours davantage que ce<\/span> <span dir=\"ltr\">qui doit \u00eatre l<\/span><span dir=\"ltr\">\u2019<\/span><span dir=\"ltr\">\u00e2me de notre Grand Car\u00eame, c&rsquo;est avant tout l&rsquo;<\/span><span dir=\"ltr\">humilit\u00e9<\/span> <span dir=\"ltr\">et le<\/span> <span dir=\"ltr\">repentir<\/span><span dir=\"ltr\">.<\/span><\/span><span id=\"page3R_mcid5\" class=\"markedContent\"><br \/>\n<span dir=\"ltr\">Les saints p\u00e8res nous disent que l&rsquo;humilit\u00e9 n&rsquo;est pas une vertu<\/span><br \/>\n<span dir=\"ltr\">comme les autres, une vertu parmi les autres ; ils ont cette expression<\/span> <span dir=\"ltr\">que l&rsquo;on retrouve chez plusieurs d&rsquo;entre eux : \u00ab<\/span> <span dir=\"ltr\">L&rsquo;humilit\u00e9 est aux aut<\/span><\/span><span class=\"markedContent\"><span id=\"page39R_mcid0\" class=\"markedContent\"><span dir=\"ltr\">res vertus ce que le sel est \u00e0 l&rsquo;ensemble des mets d&rsquo;un repas<\/span> <span dir=\"ltr\">\u00bb. Sans <\/span><span dir=\"ltr\">l&rsquo;humilit\u00e9, ni notre pri\u00e8re,<\/span> <span dir=\"ltr\">ni aucune de nos pratiques, ni aucune de <\/span><span dir=\"ltr\">nos vertus n&rsquo;auraient de valeur devant Dieu. <\/span><\/span><\/span><\/p>\n<p><span class=\"markedContent\"><span id=\"page39R_mcid0\" class=\"markedContent\"><span dir=\"ltr\">Et les saints p\u00e8res vont <\/span><span dir=\"ltr\">jusqu&rsquo;\u00e0 dire que sans les vertus, sans toutes ces pratiques que sont <\/span><span dir=\"ltr\">le je\u00fbne et les autres usages que nous mettrons en \u0153uvre pendant <\/span><span dir=\"ltr\">le car\u00eame, l&rsquo;humilit\u00e9 \u00e0 elle seule peut suffire pour nous rendre justes <\/span><span dir=\"ltr\">devant Dieu. Bien s\u00fbr, cela ne veut pas dire qu&rsquo;il ne faut pas attacher <\/span><span dir=\"ltr\">d&rsquo;importance au je\u00fbne, \u00e0 l&rsquo;aum\u00f4ne, au partage avec les plus d\u00e9<\/span><span dir=\"ltr\">munis, mais tout cela n&rsquo;aurait aucune valeur, aucune saveur pour <\/span><span dir=\"ltr\">Dieu, si ce n&rsquo;\u00e9tait pas assaisonn\u00e9 par l&rsquo;humilit\u00e9, par la conscience et<\/span><br \/>\n<span dir=\"ltr\">la reconnaissance de notre pauvret\u00e9, de notre impuissance, de<\/span><br \/>\n<span dir=\"ltr\">notre incapacit\u00e9 devant Dieu, sans la conscience aussi de notre<\/span><br \/>\n<span dir=\"ltr\">p\u00e9ch\u00e9 qui aggrave encore notre impuissance de cr\u00e9ature. Et c&rsquo;est<\/span><br \/>\n<span dir=\"ltr\">cela que nous devons contempler dans cette image du Publicain.<\/span><\/span><span id=\"page39R_mcid1\" class=\"markedContent\"><br \/>\n<span dir=\"ltr\">Ce Publicain qui prie humblement, qui prie prostern\u00e9, qui prie,<\/span><br \/>\n<span dir=\"ltr\">dirions<\/span><span dir=\"ltr\">&#8211;<\/span><span dir=\"ltr\">nous, en faisant des m\u00e9tanies devant le Seigneur. Car l&rsquo;hu-<\/span><br \/>\n<span dir=\"ltr\">milit\u00e9, comme le repentir, ce n&rsquo;est pas seulement un sentiment in-<\/span><br \/>\n<span dir=\"ltr\">t\u00e9rieur, ce qu<\/span><span dir=\"ltr\">\u2019<\/span><span dir=\"ltr\">il est bien s\u00fbr, mais il faut, qu<\/span><span dir=\"ltr\">\u2019<\/span><span dir=\"ltr\">il soit vrai, que ce soit<\/span><br \/>\n<span dir=\"ltr\">un sentiment qui impr\u00e8gne notre c\u0153ur, qui en jaillisse, et non pas<\/span><br \/>\n<span dir=\"ltr\">simplement quelque chose de c\u00e9r\u00e9bral, d&rsquo;imaginaire. Il faut que ce<\/span><span dir=\"ltr\">la s&rsquo;incarne dans notre comportement, et c&rsquo;est pour cela qu&rsquo;une<\/span><br \/>\n<span dir=\"ltr\">attitude<\/span> <span dir=\"ltr\">humble<\/span> <span dir=\"ltr\">dans<\/span> <span dir=\"ltr\">la<\/span> <span dir=\"ltr\">pri\u00e8re<\/span> <span dir=\"ltr\">est<\/span> <span dir=\"ltr\">tellement<\/span> <span dir=\"ltr\">n\u00e9cessaire.<\/span> <span dir=\"ltr\">As-<\/span><br \/>\n<span dir=\"ltr\">sur\u00e9ment, il est des moments o\u00f9 on peut prier debout, car cette<\/span><br \/>\n<span dir=\"ltr\">position debout exprime notre condition de fils de Dieu, de ressus-<\/span><br \/>\n<span dir=\"ltr\">cit\u00e9s avec le Christ, mais cette pauvret\u00e9 qui est la n\u00f4tre, cette con-<\/span><br \/>\n<span dir=\"ltr\">science de notre mis\u00e8re de cr\u00e9atures p\u00e9cheresses devant Dieu, doit<\/span><br \/>\n<span dir=\"ltr\">s&rsquo;exprimer dans ces<\/span> <span dir=\"ltr\">m\u00e9tanies dont, surtout en car\u00eame, nos offices \u00e0 <\/span><span dir=\"ltr\">l&rsquo;\u00e9glise et nos pri\u00e8res en cellule sont ponctu\u00e9s.<\/span><\/span><span id=\"page39R_mcid2\" class=\"markedContent\"><br \/>\n<span dir=\"ltr\">Le je<\/span><span dir=\"ltr\">\u00fb<\/span><span dir=\"ltr\">ne qui doit caract\u00e9riser tr\u00e8s particuli\u00e8rement le Grand Car\u00eame, <\/span><span dir=\"ltr\">ce je<\/span><span dir=\"ltr\">\u00fb<\/span><span dir=\"ltr\">ne n&rsquo;a de sens que dans la mesure o\u00f9 il incarne l&rsquo;humilit\u00e9 de notre <\/span><span dir=\"ltr\">c\u0153ur. Car si notre humilit\u00e9 ne s&rsquo;incarne pas dans des comportements <\/span><span dir=\"ltr\">concrets, ce sera une humilit\u00e9 en imagination, ce sera une humilit\u00e9 vir<\/span><span dir=\"ltr\">tuelle qui n&rsquo;aura aucune r\u00e9alit\u00e9. Il faut qu&rsquo;elle s&rsquo;incarne. Le je<\/span><span dir=\"ltr\">\u00fb<\/span><span dir=\"ltr\">ne, <\/span><span dir=\"ltr\">justement, si nous lisons toute la Bible, est une des fa\u00e7ons dont le peuple <\/span><span dir=\"ltr\">de Dieu a toujours exprim\u00e9 son humilit\u00e9 et son repentir dans une pri\u00e8re <\/span><span dir=\"ltr\">qui engage tout son \u00eatre. C&rsquo;est parce que tout son \u00eatre y est engag\u00e9 que<\/span><br \/>\n<span dir=\"ltr\">l&rsquo;homme peut vraiment,<\/span> <span dir=\"ltr\">ce moment<\/span><span dir=\"ltr\">&#8211;<\/span><span dir=\"ltr\">l\u00e0, \u00eatre p\u00e9n\u00e9tr\u00e9, impr\u00e9gn\u00e9 dans <\/span><\/span><span class=\"markedContent\"><span dir=\"ltr\"><span id=\"page41R_mcid0\" class=\"markedContent\">son c\u0153ur de cette humilit\u00e9 ; elle ne reste plus quelque chose d&rsquo;imaginaire, quelque chose d&rsquo;artificiel.<\/span><span id=\"page41R_mcid1\" class=\"markedContent\"><br \/>\n<span dir=\"ltr\">Nous sommes corps et \u00e2me, et notre corps doit exprimer nos senti-<\/span><br \/>\n<span dir=\"ltr\">ments pour que ces sentiments soient quelque chose de r\u00e9el qui engage <\/span><span dir=\"ltr\">tout notre \u00eatre. Si, pendant le car\u00eame, nous je<\/span><span dir=\"ltr\">\u00fb<\/span><span dir=\"ltr\">nons, ce n&rsquo;est pas du <\/span><span dir=\"ltr\">tout par m\u00e9pris du corps ; si nous menons une vie un peu aust\u00e8re pour <\/span><span dir=\"ltr\">notre corps, ce n&rsquo;est pas du tout parce qu&rsquo;il faudrait \u00e9carter le corps de <\/span><span dir=\"ltr\">la vie spirituelle ; bien au contraire, c&rsquo;est pour l&rsquo;y faire participer ; mais la <\/span><span dir=\"ltr\">bonne fa\u00e7on de l&rsquo;y faire participer, ce n&rsquo;est pas de le flatter et de l<\/span><span dir=\"ltr\">\u2019<\/span><span dir=\"ltr\">\u00e9pa<\/span><span dir=\"ltr\">nouir, mais de le faire passer par une sorte de mort pour qu&rsquo;il ressuscite.<\/span><br \/>\n<span dir=\"ltr\">II faut que notre corps participe \u00e0 notre vie spirituelle, un peu comme la <\/span><span dir=\"ltr\">semence que le cultivateur ensevelit pour qu&rsquo;elle ressuscite sous forme <\/span><span dir=\"ltr\">d&rsquo;une moisson<\/span> <span dir=\"ltr\">abondante : \u00ab<\/span> <span dir=\"ltr\">Celui qui \u00e9pargne son corps montre qu&rsquo;il <\/span><span dir=\"ltr\">n&rsquo;a pas une foi bien vive en sa r\u00e9surrection<\/span> <span dir=\"ltr\">\u00bb. Si la mortification<\/span> <span dir=\"ltr\">du <\/span><span dir=\"ltr\">corps est importante dans notre vie spirituelle, si tous les saints y ont <\/span><span dir=\"ltr\">toujours attach\u00e9 autant d&rsquo;importance, ce n&rsquo;est pas du tout par m\u00e9pris du<\/span><br \/>\n<span dir=\"ltr\">corps ; pas plus que lorsque le cultivateur enterre la semence, ce n&rsquo;est <\/span><span dir=\"ltr\">par m\u00e9pris de la semence, bien au contraire. Mais si nous \u00e9pargnons la <\/span><span dir=\"ltr\">semence, si nous \u00e9pargnons notre corps, c&rsquo;est que nous n&rsquo;avons pas une <\/span><span dir=\"ltr\">foi bien vive dans sa r\u00e9surrection.<\/span><\/span><span id=\"page41R_mcid2\" class=\"markedContent\"><br \/>\n<span dir=\"ltr\">Toute cette asc\u00e8se du car\u00eame, le je<\/span><span dir=\"ltr\">\u00fb<\/span><span dir=\"ltr\">ne, l&rsquo;aust\u00e9rit\u00e9 de notre vie, tout<\/span><br \/>\n<span dir=\"ltr\">cela est l&rsquo;expression de notre attente de la r\u00e9surrection, de notre foi <\/span><span dir=\"ltr\">dans la r\u00e9surrection de tout notre \u00eatre. Notre corps doit participer \u00e0 la <\/span><span dir=\"ltr\">vie spirituelle non pas en l&rsquo;\u00e9panouissant simplement selon sa vie na<\/span><span dir=\"ltr\">turelle, purement humaine, mais en le faisant participer \u00e0 la Croix du <\/span><span dir=\"ltr\">Christ, \u00e0 cette Croix qui est non seulement la voie de la r\u00e9surrection, <\/span><span dir=\"ltr\">mais qui contient d\u00e9j\u00e0 en elle d&rsquo;une fa\u00e7on secr\u00e8te, d&rsquo;une fa\u00e7on cach\u00e9e,<\/span><span dir=\"ltr\">la force, la puissance de la r\u00e9surrection.<\/span><\/span><span id=\"page41R_mcid3\" class=\"markedContent\"><br \/>\n<span dir=\"ltr\">Entrons dans le car\u00eame dans ces sentiments. Mais entrons<\/span><span dir=\"ltr\">&#8211;<\/span><span dir=\"ltr\">y en sui<\/span><span dir=\"ltr\">vant cette p\u00e9dagogie si sage de l&rsquo;\u00c9glise que manifeste ce temps de<\/span><span dir=\"ltr\">pr\u00e9paration au car\u00eame que nous parcourons en ce moment.<\/span><\/span><span id=\"page41R_mcid4\" class=\"markedContent\"><\/span><span id=\"page41R_mcid5\" class=\"markedContent\"><br \/>\n<span dir=\"ltr\">\u00a0<em>D<\/em><\/span><em><span dir=\"ltr\">\u2019<\/span><span dir=\"ltr\">apr\u00e8s l<\/span><span dir=\"ltr\">\u2019<\/span><span dir=\"ltr\">Archimandrite Placide Deseille,<\/span> <span dir=\"ltr\">La couronne b\u00e9nie<\/span><\/em><\/span><em><span id=\"page41R_mcid6\" class=\"markedContent\"><br \/>\n<span dir=\"ltr\">de l<\/span><span dir=\"ltr\">\u2019<\/span><span dir=\"ltr\">ann\u00e9e chr\u00e9tienne<\/span><span dir=\"ltr\">, volume 2, pages 15<\/span><span dir=\"ltr\">&#8211;<\/span><span dir=\"ltr\">19.<\/span><\/span><span id=\"page41R_mcid7\" class=\"markedContent\"><br \/>\n<span id=\"page50R_mcid2\" class=\"markedContent\"><\/span><\/span><\/em><\/span><\/span><\/span><\/p>\n<p style=\"text-align: center;\"><span class=\"markedContent\"><span class=\"markedContent\"><span dir=\"ltr\"><em><span id=\"page41R_mcid7\" class=\"markedContent\"><span dir=\"ltr\"><span id=\"page50R_mcid2\" class=\"markedContent\">Divine Liturgie<\/span><span id=\"page50R_mcid3\" class=\"markedContent\"><br \/>\n<span dir=\"ltr\">Tous les dimanches \u00e0 9h30<\/span><\/span><span id=\"page50R_mcid4\" class=\"markedContent\"><\/span><span id=\"page50R_mcid5\" class=\"markedContent\"><br \/>\n<span dir=\"ltr\">Dimanche<\/span> <span dir=\"ltr\">6<\/span> <span dir=\"ltr\">:<\/span> <span dir=\"ltr\">l<\/span><span dir=\"ltr\">\u2019<\/span><span dir=\"ltr\">humilit\u00e9 et la foi<\/span><\/span><span id=\"page50R_mcid6\" class=\"markedContent\"><br \/>\n<span dir=\"ltr\">Epitre<\/span> <span dir=\"ltr\">: II Cor 6, 16<\/span> <span dir=\"ltr\">\u2013<\/span> <span dir=\"ltr\">7,1<\/span> <span dir=\"ltr\">;<\/span> <span dir=\"ltr\">Evangile<\/span> <span dir=\"ltr\">: Mat 15, 21<\/span><span dir=\"ltr\">&#8211;<\/span><span dir=\"ltr\">28<\/span><\/span><span id=\"page50R_mcid7\" class=\"markedContent\"><br \/>\n<span dir=\"ltr\">13<\/span> <span dir=\"ltr\">:<\/span> <span dir=\"ltr\">le publicain et le pharisien<\/span><\/span><span id=\"page50R_mcid8\" class=\"markedContent\"><br \/>\n<span dir=\"ltr\">Epitre<\/span> <span dir=\"ltr\">: II Tim 3, 10<\/span><span dir=\"ltr\">&#8211;<\/span><span dir=\"ltr\">15<\/span> <span dir=\"ltr\">; Evangile<\/span> <span dir=\"ltr\">: Luc 18, 10<\/span><span dir=\"ltr\">&#8211;<\/span><span dir=\"ltr\">14<\/span><\/span><span id=\"page50R_mcid9\" class=\"markedContent\"><br \/>\n<span dir=\"ltr\">20<\/span> <span dir=\"ltr\">:<\/span> <span dir=\"ltr\">le fils prodigue<\/span><\/span><span id=\"page50R_mcid10\" class=\"markedContent\"><br \/>\n<span dir=\"ltr\">Epitre<\/span> <span dir=\"ltr\">: I Cor 6, 12<\/span><span dir=\"ltr\">&#8211;<\/span><span dir=\"ltr\">20<\/span> <span dir=\"ltr\">; Evangile<\/span> <span dir=\"ltr\">: Luc 15,11<\/span><span dir=\"ltr\">&#8211;<\/span><span dir=\"ltr\">32<\/span><\/span><span id=\"page50R_mcid11\" class=\"markedContent\"><br \/>\n<span dir=\"ltr\">27:<\/span> <span dir=\"ltr\">le jugement dernier<\/span><\/span><span id=\"page50R_mcid12\" class=\"markedContent\"><br \/>\n<span dir=\"ltr\">Epitre: I Cor 8,8<\/span> <span dir=\"ltr\">\u2013<\/span> <span dir=\"ltr\">9,2;<\/span> <span dir=\"ltr\">Evangile: Mat 25, 3<\/span><\/span>1-46<\/span><\/span><\/em><\/span><\/span><\/span><\/p>\n<p style=\"text-align: center;\"><span id=\"page50R_mcid14\" class=\"markedContent\"><span dir=\"ltr\">Eglise orthodoxe de la<\/span><\/span><span id=\"page50R_mcid15\" class=\"markedContent\"><br \/>\n<span dir=\"ltr\">Sainte Transfiguration<\/span><\/span><span id=\"page50R_mcid16\" class=\"markedContent\"><br \/>\n<span dir=\"ltr\">Grande<\/span><span dir=\"ltr\">&#8211;<\/span><span dir=\"ltr\">Rivi<\/span><\/span><span id=\"page50R_mcid17\" class=\"markedContent\"><span dir=\"ltr\">\u00e8re N<\/span><span dir=\"ltr\">&#8211;<\/span><span dir=\"ltr\">O<\/span><\/span><span id=\"page50R_mcid18\" class=\"markedContent\"><br \/>\n<span dir=\"ltr\">Ile Maurice<\/span><\/span><span id=\"page50R_mcid19\" class=\"markedContent\"><br \/>\n<span dir=\"ltr\">(derri\u00e8re le garage Bala)<\/span><\/span><span id=\"page50R_mcid20\" class=\"markedContent\"><br \/>\n<span dir=\"ltr\">Divine Liturgie<\/span><\/span><span id=\"page50R_mcid21\" class=\"markedContent\"><br \/>\n<span dir=\"ltr\">Chaque dimanche \u00e0 9h30<\/span><\/span><span id=\"page50R_mcid22\" class=\"markedContent\"><br \/>\n<span dir=\"ltr\">Site WEB:<\/span><\/span><span id=\"page50R_mcid23\" class=\"markedContent\"><br \/>\n<span dir=\"ltr\">http:\/\/orthodoxchurchmauritius.org<\/span><\/span><\/p>\n<p style=\"text-align: left;\"><span id=\"page50R_mcid32\" class=\"markedContent\"><span dir=\"ltr\">P\u00e8re<\/span> <span dir=\"ltr\">Athanasios<\/span><span dir=\"ltr\">, tel.: 57 33 32 53<\/span><\/span><span id=\"page50R_mcid33\" class=\"markedContent\"><br \/>\n<span dir=\"ltr\">E<\/span><span dir=\"ltr\">&#8211;<\/span><span dir=\"ltr\">mail:<\/span> <span dir=\"ltr\">p.athanasios@myt.mu<\/span><\/span><span id=\"page50R_mcid34\" class=\"markedContent\"><\/span><span id=\"page50R_mcid35\" class=\"markedContent\"><br \/>\n<span dir=\"ltr\">P\u00e8re<\/span> <span dir=\"ltr\">Ian<\/span><span dir=\"ltr\">, tel.: 52 57 90 53<\/span><\/span><span id=\"page50R_mcid36\" class=\"markedContent\"><br \/>\n<span dir=\"ltr\">E<\/span><span dir=\"ltr\">&#8211;<\/span><span dir=\"ltr\">mail:<\/span> <span dir=\"ltr\">fr.ian@antiochian.org.n<\/span><\/span>z<\/p>\n<div class=\"canvasWrapper\"><\/div>\n<p><span class=\"markedContent\"><span id=\"page39R_mcid3\" class=\"markedContent\"><span dir=\"ltr\"><br \/>\n<\/span><\/span><span id=\"page39R_mcid4\" class=\"markedContent\"><\/span><\/span><\/p>\n<div class=\"canvasWrapper\"><\/div>\n<p><span id=\"page3R_mcid6\" class=\"markedContent\"><\/span><span id=\"page3R_mcid8\" class=\"markedContent\"><br \/>\n<\/span><span id=\"page3R_mcid9\" class=\"markedContent\"><\/span><\/p>\n<div class=\"canvasWrapper\"><\/div>\n","protected":false},"excerpt":{"rendered":"<p>Paroisse orthodoxe de la sainte Transfiguration Num\u00e9ro 73, f\u00e9vrier 2022 Avec ce r\u00e9cit du pharisien et du publicain, nous entrons pleinement dans la p\u00e9riode de pr\u00e9paration du Grand Car\u00eame que, d&rsquo;une fa\u00e7on tr\u00e8s p\u00e9dagogique, la liturgie nous m\u00e9nage chaque ann\u00e9e. Le Seigneur met devant nos yeux cette image du publicain dont la pri\u00e8re humble et &hellip; <a href=\"http:\/\/www.orthodoxie-reunion.com\/?p=2329\" class=\"more-link\">Continuer la lecture de <span class=\"screen-reader-text\">Bulletin du mois de F\u00e9vrier 2022 de l&rsquo;Eglise Orthodoxe \u00e0 Maurice<\/span><\/a><\/p>\n","protected":false},"author":1,"featured_media":0,"comment_status":"open","ping_status":"open","sticky":false,"template":"","format":"standard","meta":{"footnotes":""},"categories":[3],"tags":[],"class_list":["post-2329","post","type-post","status-publish","format-standard","hentry","category-calendrier"],"_links":{"self":[{"href":"http:\/\/www.orthodoxie-reunion.com\/index.php?rest_route=\/wp\/v2\/posts\/2329","targetHints":{"allow":["GET"]}}],"collection":[{"href":"http:\/\/www.orthodoxie-reunion.com\/index.php?rest_route=\/wp\/v2\/posts"}],"about":[{"href":"http:\/\/www.orthodoxie-reunion.com\/index.php?rest_route=\/wp\/v2\/types\/post"}],"author":[{"embeddable":true,"href":"http:\/\/www.orthodoxie-reunion.com\/index.php?rest_route=\/wp\/v2\/users\/1"}],"replies":[{"embeddable":true,"href":"http:\/\/www.orthodoxie-reunion.com\/index.php?rest_route=%2Fwp%2Fv2%2Fcomments&post=2329"}],"version-history":[{"count":2,"href":"http:\/\/www.orthodoxie-reunion.com\/index.php?rest_route=\/wp\/v2\/posts\/2329\/revisions"}],"predecessor-version":[{"id":2331,"href":"http:\/\/www.orthodoxie-reunion.com\/index.php?rest_route=\/wp\/v2\/posts\/2329\/revisions\/2331"}],"wp:attachment":[{"href":"http:\/\/www.orthodoxie-reunion.com\/index.php?rest_route=%2Fwp%2Fv2%2Fmedia&parent=2329"}],"wp:term":[{"taxonomy":"category","embeddable":true,"href":"http:\/\/www.orthodoxie-reunion.com\/index.php?rest_route=%2Fwp%2Fv2%2Fcategories&post=2329"},{"taxonomy":"post_tag","embeddable":true,"href":"http:\/\/www.orthodoxie-reunion.com\/index.php?rest_route=%2Fwp%2Fv2%2Ftags&post=2329"}],"curies":[{"name":"wp","href":"https:\/\/api.w.org\/{rel}","templated":true}]}}