{"id":2283,"date":"2021-11-29T04:55:07","date_gmt":"2021-11-29T04:55:07","guid":{"rendered":"http:\/\/www.orthodoxie-reunion.com\/?p=2283"},"modified":"2021-11-29T04:55:07","modified_gmt":"2021-11-29T04:55:07","slug":"quand-la-priere-personnelle-devient-universelle-saint-sophrony-lathonite","status":"publish","type":"post","link":"http:\/\/www.orthodoxie-reunion.com\/?p=2283","title":{"rendered":"Quand la pri\u00e8re personnelle devient universelle. Saint Sophrony l\u2019Athonite."},"content":{"rendered":"<h3>Quand la pri\u00e8re personnelle devient universelle.<br \/>\n<em>Saint Sophrony l\u2019Athonite.<\/em><\/h3>\n<p>&nbsp;<\/p>\n<table>\n<tbody>\n<tr>\n<td><\/td>\n<\/tr>\n<tr>\n<td><\/td>\n<\/tr>\n<\/tbody>\n<\/table>\n<p>Dans les \u00e9vangiles on trouve une pr\u00e9diction du Christ &#8211; il me semble que c&rsquo;est aux chapitres 24 de Matthieu et 22 de Luc; il y est beaucoup question de la fin des temps et des terribles afflictions qui frapperaient le monde entier pour de longues ann\u00e9es. Le Seigneur dit d&rsquo;une mani\u00e8re paradoxale: \u00ab\u00a0Lorsque vous entendrez parler de tout cela, relevez vos t\u00eates, ne vous alarmez pas, car cela doit arriver\u00a0\u00bb (cf. <em>Matthieu <\/em>24, 6; <em>Luc <\/em>21, 9). C&rsquo;est en effet, dans la cr\u00e9ation d&rsquo;hommes sauv\u00e9s en Dieu par le Saint-Esprit &#8211; d\u00e9ifi\u00e9s &#8211; que se trouve tout le sens de l&rsquo;histoire.<\/p>\n<p>Bien que la guerre se f\u00fbt termin\u00e9e, disons, victorieusement pour la France (j&rsquo;avais \u00e9t\u00e9 attir\u00e9 par ma profession en France qui \u00e9tait \u00e0 ce moment historique le pays occupant la premi\u00e8re place dans la sph\u00e8re de mon art) je ressentis &#8211; comment dire? &#8211; la nullit\u00e9 des r\u00e9sultats de cette guerre sur le plan \u00e9thique; bien au contraire, elle an\u00e9antit de nombreuses valeurs et brisa d&rsquo;innombrables vies humaines. Je dois cependant vous dire que, malgr\u00e9 tout, les malheurs d&rsquo;alors n&rsquo;avaient pas une forme aussi profonde que maintenant, que les souffrances et le d\u00e9sespoir \u00e9taient \u00e0 cette \u00e9poque consid\u00e9rablement moindres et plus facilement supportables que les souffrances actuelles.<\/p>\n<p><em>Nous sommes n\u00e9s dans un monde diff\u00e9rent <\/em><\/p>\n<p>Pourquoi est-ce que je vous parle maintenant de cela? C&rsquo;est parce qu&rsquo;\u00e0 nous, moines de notre \u00e9poque, se pose la question: comment devons-nous organiser notre vie monastique de telle sorte que nous trouvions le salut en Dieu? Dans le monde tel que je l&rsquo;observe, le progr\u00e8s r\u00e9alis\u00e9 sur le plan scientifique, depuis l&rsquo;\u00e9poque o\u00f9 je suis entr\u00e9 au monast\u00e8re, est colossal. Par contre, les hommes qui vivaient \u00e0 l&rsquo;\u00e9poque de la premi\u00e8re \u00e9dition de la <em>Philocalie, <\/em>(1784, N.d.T.), poss\u00e9daient une patience incomparablement plus grande, un espoir dans le salut incomparablement plus grand que maintenant.<\/p>\n<p>Les conditions de la vie du monde ont chang\u00e9, si bien que les gens qui se marient et donnent le jour \u00e0 des enfants, les mettent au monde dans un contexte tr\u00e8s diff\u00e9rent de celui de jadis: \u00e0 bien des \u00e9gards il y a une am\u00e9lioration, mais, dans une proportion encore plus grande, la procr\u00e9ation d&rsquo;enfants dans ce monde est devenue un probl\u00e8me bien plus difficile qu&rsquo;autrefois.<\/p>\n<p><em>Une asc\u00e8se adapt\u00e9e \u00e0 nos forces <\/em><\/p>\n<p>L&rsquo;ap\u00f4tre Paul dit quelque part que les P\u00e8res d&rsquo;autrefois, de l&rsquo;Ancien Testament, &#8211; des g\u00e9ants de l&rsquo;esprit, des h\u00e9ros de la foi, &#8211; n&rsquo;atteignirent pas les r\u00e9v\u00e9lations que re\u00e7urent les ap\u00f4tres; et il utilise l&rsquo;expression: \u00ab\u00a0afin qu&rsquo;ils ne trouvent pas le salut sans nous\u00a0\u00bb (cf <em>H\u00e9breux <\/em>Il, 40). Maintenant, ayant eu la possibilit\u00e9, par la bienveillance de Dieu, de passer par toutes les formes de la vie monastique, je vous dirai que nous ne pouvons pas maintenir les formes de vie de nos p\u00e8res. Il nous faut n\u00e9cessairement organiser la vie de telle mani\u00e8re que tout corresponde \u00e0 nos forces.<\/p>\n<p><em>Les temps de la Philocalie \u00e0 l&rsquo;Athos <\/em><\/p>\n<p>De quoi s&rsquo;agit-il? Depuis l&rsquo;\u00e9poque o\u00f9, comme je vous l&rsquo;ai d\u00e9j\u00e0 dit, apr\u00e8s la Premi\u00e8re guerre mondiale, je me mis naturellement \u00e0 penser \u00e0 la vie du monde dans son ensemble, l&rsquo;esprit de l&rsquo;homme appr\u00e9hende toute l&rsquo;humanit\u00e9 d&rsquo;une mani\u00e8re plus r\u00e9elle qu&rsquo;auparavant. J&rsquo;ai encore trouv\u00e9 \u00e0 l&rsquo;Athos les temps de la <em>Philocalie, <\/em>et, m\u00eame jusqu&rsquo;\u00e0 pr\u00e9sent, ils n&rsquo;ont pas cess\u00e9. Plusieurs cas \u00e9tonnants m&rsquo;ont procur\u00e9 une grande joie et une vive reconnaissance envers Dieu, de ce que les hommes aient commenc\u00e9 \u00e0 penser l&rsquo;humanit\u00e9 dans sa totalit\u00e9.<\/p>\n<p><em>Un moine qui priait pour le monde entier <\/em><\/p>\n<p>Je me souviens d&rsquo;une rencontre remarquable qui s&rsquo;est grav\u00e9e pour toujours dans ma vie. C&rsquo;\u00e9tait tout au d\u00e9but de ma vie monastique, &#8211; dans les ann\u00e9es vingt-cinq ou vingt-six, me semble\u00adt-il. J&rsquo;\u00e9tais all\u00e9 au bord de la mer et j&rsquo;y aper\u00e7us un vieux moine ayant \u00e0 la main un long chapelet de trois cents noeuds. Je m&rsquo;approchai de lui avec la crainte propre aux d\u00e9butants et m&rsquo;arr\u00eatai en silence, observant comment il priait: assis sur une grande pierre, il \u00e9grenait son chapelet. Je trouvai enfin, mais avec difficult\u00e9, le courage de lui dire: \u00ab\u00a0P\u00e8re, priez pour moi.\u00a0\u00bb Je le lui demandais parce que lorsque j&rsquo;avais quitt\u00e9 la France en mille neuf cent vingt\u00adcinq, l&rsquo;esprit du d\u00e9sespoir me dominait d\u00e9j\u00e0, dans une forme moins aigu\u00eb que plus tard, mais malgr\u00e9 tout il me dominait. Et ainsi, \u00e9cras\u00e9 par ce d\u00e9sespoir, je lui demandai: \u00ab\u00a0P\u00e8re, priez pour moi.\u00a0\u00bb Il me regarda et me dit: \u00ab\u00a0Tu vois ce chapelet? Je le dis pour le monde entier. Je prie pour le monde entier. Et tu es l\u00e0, dans ma pri\u00e8re.\u00a0\u00bb Il est difficile d&rsquo;expliquer pourquoi nous avons telle ou telle r\u00e9action. Toujours est-il que je ne m&rsquo;\u00e9loignai pas \u00e0 sa premi\u00e8re parole. Apr\u00e8s un certain temps, pouss\u00e9 par le d\u00e9sespoir de ces jours, je lui dis: \u00ab\u00a0P\u00e8re, priez pour moi\u00a0\u00bb. Il r\u00e9pondit: \u00ab\u00a0Je t&rsquo;ai d\u00e9j\u00e0 dit que je prie pour le monde entier, et tu es ici, dans cette pri\u00e8re\u00a0\u00bb. Je restai silencieux pour quelques instants; de nouveau, pour la troisi\u00e8me fois &#8211; car mon affliction \u00e9tait profonde &#8211; je lui dis timidement: \u00ab\u00a0P\u00e8re, priez pour moi.\u00a0\u00bb Il me regarda avec bont\u00e9 et me dit: \u00a0\u00bb Mais je t&rsquo;ai dit que tu es <em>ici <\/em>&#8211; il me montra son chapelet. Que te faut-il de plus? Tu es <em>ici, <\/em>dans cette pri\u00e8re que je dis pour le monde entier. \u00ab\u00a0Je m&rsquo;\u00e9loignai, impressionn\u00e9 par l&rsquo;\u00e9tat d&rsquo;esprit de ce starets:<\/p>\n<p>\u00ab\u00a0Je prie pour le monde entier, tu es aussi <em>l\u00e0, <\/em>et ainsi je n&rsquo;ai pas \u00e0 me disperser pour des choses particuli\u00e8res.\u00a0\u00bb Comme je venais d&rsquo;arriver \u00e0 l&rsquo;Athos, je fus \u00e9videmment fort impressionn\u00e9 en rencontrant cette forme de pri\u00e8re. Je me demandais tout le temps comment ce starets appr\u00e9hendait le monde entier pour lequel il priait: dans le temps? dans l&rsquo;espace? \u00e9tait-ce toute l&rsquo;humanit\u00e9 depuis Adam jusqu&rsquo;\u00e0 nos jours? Ou bien sa pens\u00e9e \u00e9tait-elle encore plus profonde et plus englobant? Mais, les premiers jours de ma vie dans l&rsquo;habit monastique, je n&rsquo;ai trouv\u00e9 \u00e0 l&rsquo;Athos que cette forme de pri\u00e8re pour le monde entier.<\/p>\n<table>\n<tbody>\n<tr>\n<td><\/td>\n<\/tr>\n<tr>\n<td><\/td>\n<\/tr>\n<\/tbody>\n<\/table>\n<p><em><br \/>\nNous sommes tous li\u00e9s les lins aux autres <\/em><\/p>\n<p>Durant mes soixante-dix ann\u00e9es &#8211; ou presque &#8211; de vie monastique, il m&rsquo;est arriv\u00e9 de vivre bien des moments p\u00e9nibles, parce que, lorsque nous prions pour quelqu&rsquo;un, comme nous l&rsquo;avons d\u00e9j\u00e0 souvent dit, la pri\u00e8re nous introduise dans la sph\u00e8re spirituelle de la personne pour laquelle nous prions.<\/p>\n<p>Mes chers fr\u00e8res et s\u0153urs, je m&rsquo;efforce tout le temps de fixer votre pens\u00e9e sur le fait que nous ne sommes pas isol\u00e9s, coup\u00e9s des autres. Non, &#8211; nous vivons dans un monde o\u00f9 tout est uni, o\u00f9 une chose est li\u00e9e \u00e0 l&rsquo;autre.<\/p>\n<p>Je vous ai maintenant expos\u00e9 partiellement les conditions de vie qui correspondent \u00e0 la structure intellectuelle et physique des hommes de notre \u00e9poque qui viennent \u00e0 la vie monastique.<\/p>\n<p><em>Si <\/em><em>nous<\/em><em> prions pour l&rsquo;Adam total &#8230; <\/em><\/p>\n<p>R\u00e9cemment, en \u00e9voquant des \u00e9v\u00e9nements qui p\u00e8sent lourdement sur nos \u00e9paules, j&rsquo;ai sugg\u00e9r\u00e9 \u00e0 la personne avec qui je parlais, de prier ainsi: \u00ab\u00a0Seigneur, <em>prot\u00e8ge-nous. <\/em>Tu vois notre incapacit\u00e9 de r\u00e9sister \u00e0 ces vagues de souffrances cosmiques. \u00ab\u00a0Il est en effet pleinement l\u00e9gitime de penser que l&rsquo;enfer est produit par l&rsquo;absence d&rsquo;amour chez les hommes. Les hommes ne vivent pas par l&rsquo;amour, mais par la haine. Je lui ai ensuite pr\u00e9cis\u00e9 ma pens\u00e9e:<\/p>\n<p>\u00ab\u00a0Lorsque vous priez pour vous-m\u00eame, pour le monast\u00e8re, pour les fr\u00e8res, priez jusqu&rsquo;\u00e0 cette limite: \u00ab\u00a0Seigneur, prot\u00e8ge-nous; donne \u00adnous un petit coin sur terre o\u00f9 nous puissions c\u00e9l\u00e9brer la Liturgie pour Toi, T&rsquo;offrir une pri\u00e8re dans la forme de Geths\u00e9mani\u00a0\u00bb. Priez seulement jusqu&rsquo;\u00e0 ce point: <em>\u00ab\u00a0Prot\u00e8ge-nous\u00a0\u00bb, <\/em>parce que nous ne pouvons pas souhaiter quelque chose de mauvais \u00e0 qui que ce soit\u00a0\u00bb. Et quelle fut sa r\u00e9ponse? \u00ab\u00a0Mais \u00e9videmment! Si nous nous effor\u00e7ons de prier ici pour l&rsquo;Adam total, pour toute l&rsquo;humanit\u00e9, comment pourrions-nous simultan\u00e9ment souhaiter du mal \u00e0 qui que ce soit, m\u00eame \u00e0 ceux qui nous causent une affliction mortelle?\u00a0\u00bb<\/p>\n<p>Voyez comme cela se r\u00e9pand: d&rsquo;abord ce starets qui m&rsquo;avait Sainte Montagne, \u00e0 l&rsquo;Athos &#8230; Aux jours o\u00f9 je suis arriv\u00e9 \u00e0 l&rsquo;Athos, il s&rsquo;y trouvait tr\u00e8s peu d&rsquo;hommes instruits. C&rsquo;est avec difficult\u00e9 que certains pouvaient lire et \u00e9crire quand ils arrivaient \u00e0 l&rsquo;Athos, mais ensuite ils se d\u00e9veloppaient en lisant les saints P\u00e8res. Etant peu au courant des affaires du monde, ils priaient cependant pour le monde entier. Ce starets qui ne voulait pas interrompre sa pri\u00e8re pour satisfaire \u00e0 la demande d&rsquo;un novice&#8230; dans quelle sph\u00e8re spirituelle demeurait-il? Et dans quelle sph\u00e8re demeure l&rsquo;homme intellectuellement d\u00e9velopp\u00e9 d&rsquo;aujourd&rsquo;hui? Si nous comparons leurs niveaux spirituels, lequel des deux sera reconnu comme sup\u00e9rieur? .<\/p>\n<p>Ces moines vivaient moins par les \u00e9v\u00e9nements de ce monde, ils vivaient sans \u00eatre au courant des progr\u00e8s de la science, de la technique et ainsi de suite, mais leur esprit demeurait dans l&rsquo;\u00e9ternit\u00e9. Leur pri\u00e8re avait pour objet le salut \u00e9ternel. Mais lorsque notre esprit, l&rsquo;esprit des intellectuels actuels, ne peut pas demeurer dans l&rsquo;\u00e9ternel, m\u00eame pour quelques brefs instants, il serait int\u00e9ressant de savoir qui vit dans un monde plus \u00e9lev\u00e9 &#8230;<\/p>\n<p><em>Quand la pri\u00e8re personnelle devient universelle <\/em><\/p>\n<p>Est-ce que je m&rsquo;exprime correctement en disant qu&rsquo;il y a un \u00e9tat de l&rsquo;esprit humain dans lequel on vit l&rsquo;Adam total d&rsquo;une mani\u00e8re naturelle en invoquant constamment le Nom de Dieu:<\/p>\n<p>\u00ab\u00a0Seigneur J\u00e9sus-Christ, Fils de Dieu, aie piti\u00e9 de moi, p\u00e9cheur\u00a0\u00bb? A une telle pri\u00e8re personnelle que s&rsquo;unit alors une pri\u00e8re de port\u00e9e universelle, comme nous le voyons dans le cas de S\u00e9raphin de Sarov. Nous vivons maintenant dans un monde incomparablement plus riche sur le plan de la technique et sur celui de l&rsquo;instruction. Mais cette forme de vie est-elle vraiment sup\u00e9rieure? Si nous voulions faire des comparaisons, nous devrions reconna\u00eetre que, tout compte fait, les P\u00e8res anciens \u00e9taient sup\u00e9rieurs \u00e0 nous, non seulement dans le domaine de la pri\u00e8re mentale, mais encore par l&rsquo;\u00e9tat d&rsquo;esprit dans lequel ils se trouvaient. Mais si, en faisant l&rsquo;exp\u00e9rience du Nom du Christ, nous sommes introduits dans ce monde qui souffre, c&rsquo;est aussi une grande \u0153uvre.!..<\/p>\n<p>&nbsp;<\/p>\n<p>&nbsp;<\/p>\n<p>&nbsp;<\/p>\n<p>R\u00e9f\u00e9rence\u00a0:<\/p>\n<p>Paroles \u00e0 la communaut\u00e9. Archimandrite Sophrony Sacharov. Novembre 1993. N*15.<\/p>\n<p>Posted by <a href=\"https:\/\/www.blogger.com\/profile\/08678484587819871234\" data-gapiscan=\"true\" data-onload=\"true\" data-gapiattached=\"true\"> Holy Trinity Family &#8211; Douma <\/a><\/p>\n<p>https:\/\/holytrinityfamily.blogspot.com\/2021\/11\/quand-la-priere-personnelle-devient.html<\/p>\n","protected":false},"excerpt":{"rendered":"<p>Quand la pri\u00e8re personnelle devient universelle. Saint Sophrony l\u2019Athonite. &nbsp; Dans les \u00e9vangiles on trouve une pr\u00e9diction du Christ &#8211; il me semble que c&rsquo;est aux chapitres 24 de Matthieu et 22 de Luc; il y est beaucoup question de la fin des temps et des terribles afflictions qui frapperaient le monde entier pour de &hellip; <a href=\"http:\/\/www.orthodoxie-reunion.com\/?p=2283\" class=\"more-link\">Continuer la lecture de <span class=\"screen-reader-text\">Quand la pri\u00e8re personnelle devient universelle. Saint Sophrony l\u2019Athonite.<\/span><\/a><\/p>\n","protected":false},"author":1,"featured_media":0,"comment_status":"open","ping_status":"open","sticky":false,"template":"","format":"standard","meta":{"footnotes":""},"categories":[10],"tags":[],"class_list":["post-2283","post","type-post","status-publish","format-standard","hentry","category-spiritualite"],"_links":{"self":[{"href":"http:\/\/www.orthodoxie-reunion.com\/index.php?rest_route=\/wp\/v2\/posts\/2283","targetHints":{"allow":["GET"]}}],"collection":[{"href":"http:\/\/www.orthodoxie-reunion.com\/index.php?rest_route=\/wp\/v2\/posts"}],"about":[{"href":"http:\/\/www.orthodoxie-reunion.com\/index.php?rest_route=\/wp\/v2\/types\/post"}],"author":[{"embeddable":true,"href":"http:\/\/www.orthodoxie-reunion.com\/index.php?rest_route=\/wp\/v2\/users\/1"}],"replies":[{"embeddable":true,"href":"http:\/\/www.orthodoxie-reunion.com\/index.php?rest_route=%2Fwp%2Fv2%2Fcomments&post=2283"}],"version-history":[{"count":1,"href":"http:\/\/www.orthodoxie-reunion.com\/index.php?rest_route=\/wp\/v2\/posts\/2283\/revisions"}],"predecessor-version":[{"id":2284,"href":"http:\/\/www.orthodoxie-reunion.com\/index.php?rest_route=\/wp\/v2\/posts\/2283\/revisions\/2284"}],"wp:attachment":[{"href":"http:\/\/www.orthodoxie-reunion.com\/index.php?rest_route=%2Fwp%2Fv2%2Fmedia&parent=2283"}],"wp:term":[{"taxonomy":"category","embeddable":true,"href":"http:\/\/www.orthodoxie-reunion.com\/index.php?rest_route=%2Fwp%2Fv2%2Fcategories&post=2283"},{"taxonomy":"post_tag","embeddable":true,"href":"http:\/\/www.orthodoxie-reunion.com\/index.php?rest_route=%2Fwp%2Fv2%2Ftags&post=2283"}],"curies":[{"name":"wp","href":"https:\/\/api.w.org\/{rel}","templated":true}]}}