{"id":2227,"date":"2021-08-01T04:19:53","date_gmt":"2021-08-01T04:19:53","guid":{"rendered":"http:\/\/www.orthodoxie-reunion.com\/?p=2227"},"modified":"2021-08-01T04:19:53","modified_gmt":"2021-08-01T04:19:53","slug":"bulletin-du-mois-daout-2021-de-leglise-orthodoxe-a-maurice","status":"publish","type":"post","link":"http:\/\/www.orthodoxie-reunion.com\/?p=2227","title":{"rendered":"Bulletin du mois d&rsquo;Aout 2021 de l&rsquo;Eglise Orthodoxe \u00e0 Maurice"},"content":{"rendered":"<p><span id=\"page3R_mcid0\" class=\"markedContent\"><span dir=\"ltr\">Paroisse orthodoxe de la sainte Transfiguration<\/span> <\/span><span id=\"page3R_mcid1\" class=\"markedContent\"><br \/>\n<span dir=\"ltr\">Num\u00e9ro<\/span><\/span><span id=\"page3R_mcid2\" class=\"markedContent\"> <span dir=\"ltr\">67, aout 2021<\/span> <\/span><span id=\"page3R_mcid3\" class=\"markedContent\"><br \/>\n<\/span><span id=\"page3R_mcid4\" class=\"markedContent\"><\/span><span id=\"page3R_mcid6\" class=\"markedContent\"><br \/>\n<span dir=\"ltr\">Dormition de la tr\u00e8s sainte M\u00e8re de Dieu<\/span> <\/span><span id=\"page3R_mcid7\" class=\"markedContent\"><\/span><span id=\"page3R_mcid8\" class=\"markedContent\"><br \/>\n<span dir=\"ltr\">\u00c0 l<\/span><span dir=\"ltr\">\u2019<\/span><span dir=\"ltr\">origine, dans l<\/span><span dir=\"ltr\">\u2019<\/span><span dir=\"ltr\">ann\u00e9e liturgique, cette f\u00eate du 15 ao\u00fbt \u00e9tait la f\u00eate <\/span><br \/>\n<span dir=\"ltr\">unique de la M\u00e8re de Dieu, par laquelle l<\/span><span dir=\"ltr\">\u2019<\/span><span dir=\"ltr\">\u00c9glise voulait comm\u00e9morer <\/span><br \/>\n<span dir=\"ltr\">et honorer tout son myst\u00e8re. Depuis l<\/span><span dir=\"ltr\">\u2019<\/span><span dir=\"ltr\">origine aussi, on lit \u00e0 la liturgie <\/span><br \/>\n<span dir=\"ltr\">de cette f\u00eate l<\/span><span dir=\"ltr\">\u2019<\/span><span dir=\"ltr\">\u00c9vangile de Marthe et Marie (Luc 10,38 <\/span><span dir=\"ltr\">\u2013<\/span> <span dir=\"ltr\">42 <\/span><span dir=\"ltr\">et 11,27 <\/span><span dir=\"ltr\">\u2013<\/span><br \/>\n<span dir=\"ltr\">28). Ensuite, les f\u00eates de la M\u00e8re de Dieu se sont multipli\u00e9es au cours <\/span><br \/>\n<span dir=\"ltr\">de l<\/span><span dir=\"ltr\">\u2019<\/span><span dir=\"ltr\">ann\u00e9e, mais presque chaque fois, c<\/span><span dir=\"ltr\">\u2019<\/span><span dir=\"ltr\">est ce m\u00eame texte \u00e9van-<\/span><br \/>\n<span dir=\"ltr\">g\u00e9lique qu<\/span><span dir=\"ltr\">\u2019<\/span><span dir=\"ltr\">on relit. Cela peut nous \u00e9tonner. La raison du choix de <\/span><br \/>\n<span dir=\"ltr\">cette lecture, surprenant au premier abord, mais si profond\u00e9ment <\/span><br \/>\n<span dir=\"ltr\">traditionnel, et que l<\/span><span dir=\"ltr\">\u2019<\/span><span dir=\"ltr\">\u00c9glise, notre meilleur guide pour l<\/span><span dir=\"ltr\">\u2019<\/span><span dir=\"ltr\">interpr\u00e9tation <\/span><br \/>\n<span dir=\"ltr\">de l<\/span><span dir=\"ltr\">\u2019<\/span><span dir=\"ltr\">\u00c9criture sainte, a discern\u00e9 que cet \u00e9vangile de Marthe et de Ma-<\/span><br \/>\n<span dir=\"ltr\">rie transmet un enseignement venant du Christ Lui<\/span><span dir=\"ltr\">&#8211;<\/span><span dir=\"ltr\">m\u00eame, et qui a <\/span><br \/>\n<span dir=\"ltr\">trouv\u00e9 pr\u00e9cis\u00e9ment sa r\u00e9alisation la plus parfaite, la plus pl\u00e9ni\u00e8re<\/span><\/span><span id=\"page29R_mcid0\" class=\"markedContent\"><span dir=\"ltr\">\u00a0 <\/span><\/span><span id=\"page29R_mcid1\" class=\"markedContent\"><\/span><span id=\"page29R_mcid1\" class=\"markedContent\"><span dir=\"ltr\">dans la M\u00e8re de Dieu. \u00c0 travers la figure de Marie de B\u00e9thanie et la <\/span><\/span><span id=\"page29R_mcid1\" class=\"markedContent\"><\/span><span id=\"page29R_mcid1\" class=\"markedContent\"><span dir=\"ltr\">parole qui lui a \u00e9t\u00e9 alors adress\u00e9e par le Christ, l<\/span><span dir=\"ltr\">\u2019<\/span><span dir=\"ltr\">\u00c9glise a discern\u00e9 <\/span><\/span><span id=\"page29R_mcid1\" class=\"markedContent\"><\/span><span id=\"page29R_mcid1\" class=\"markedContent\"><span dir=\"ltr\">comme la r\u00e9v\u00e9lation de ce qui a fait toute la grandeur de la vierge <\/span><\/span><span id=\"page29R_mcid1\" class=\"markedContent\"><\/span><span id=\"page29R_mcid1\" class=\"markedContent\"><span dir=\"ltr\">Marie<\/span> <span dir=\"ltr\">: si elle est devenue M\u00e8re de Dieu, si elle a re\u00e7u cette dignit\u00e9 <\/span><\/span><span id=\"page29R_mcid1\" class=\"markedContent\"><\/span><span id=\"page29R_mcid1\" class=\"markedContent\"><span dir=\"ltr\">qui l<\/span><span dir=\"ltr\">\u2019<\/span><span dir=\"ltr\">\u00e9l\u00e8ve au<\/span><span dir=\"ltr\">&#8211;<\/span><span dir=\"ltr\">dessus de toutes les autres cr\u00e9atures, c<\/span><span dir=\"ltr\">\u2019<\/span><span dir=\"ltr\">est parce <\/span><\/span><span id=\"page29R_mcid1\" class=\"markedContent\"><\/span><span id=\"page29R_mcid1\" class=\"markedContent\"><span dir=\"ltr\">qu<\/span><span dir=\"ltr\">\u2019<\/span><span dir=\"ltr\">elle a \u00e9cout\u00e9 la parole de Dieu et y a ob\u00e9i. <\/span><\/span><\/p>\n<p><span id=\"page29R_mcid1\" class=\"markedContent\"><span dir=\"ltr\">C<\/span><span dir=\"ltr\">\u2019<\/span><span dir=\"ltr\">est par l<\/span><span dir=\"ltr\">\u2019<\/span><span dir=\"ltr\">accueil <\/span><\/span><span id=\"page29R_mcid1\" class=\"markedContent\"><\/span><span id=\"page29R_mcid1\" class=\"markedContent\"><span dir=\"ltr\">qu<\/span><span dir=\"ltr\">\u2019<\/span><span dir=\"ltr\">elle a fait \u00e0 la parole de Dieu, qui lui \u00e9tait transmise par l<\/span><span dir=\"ltr\">\u2019<\/span><span dir=\"ltr\">ange Ga<\/span><\/span><span id=\"page29R_mcid1\" class=\"markedContent\"><\/span><span id=\"page29R_mcid1\" class=\"markedContent\"><span dir=\"ltr\">briel, que la vierge Marie a con\u00e7u le Fils de Dieu, c<\/span><span dir=\"ltr\">\u2019<\/span><span dir=\"ltr\">est par son ob\u00e9is<\/span><\/span><span id=\"page29R_mcid1\" class=\"markedContent\"><\/span><span id=\"page29R_mcid1\" class=\"markedContent\"><span dir=\"ltr\">sance \u00e0 la parole de Dieu qu<\/span><span dir=\"ltr\">\u2019<\/span><span dir=\"ltr\">elle est devenue l<\/span><span dir=\"ltr\">\u2019<\/span><span dir=\"ltr\">instrument de salut de <\/span><\/span><span id=\"page29R_mcid1\" class=\"markedContent\"><\/span><span id=\"page29R_mcid1\" class=\"markedContent\"><span dir=\"ltr\">l<\/span><span dir=\"ltr\">\u2019<\/span><span dir=\"ltr\">humanit\u00e9.<\/span> <\/span><span id=\"page29R_mcid2\" class=\"markedContent\"><\/span><\/p>\n<div class=\"canvasWrapper\"><\/div>\n<p><span id=\"page29R_mcid2\" class=\"markedContent\"><span dir=\"ltr\">En mettant en contraste l<\/span><span dir=\"ltr\">\u2019<\/span><span dir=\"ltr\">attitude de Marie et celle de Marthe, ce <\/span><br \/>\n<span dir=\"ltr\">texte \u00e9vang\u00e9lique nous sugg\u00e8re le caract\u00e8re radicalement gratuit des <\/span><br \/>\n<span dir=\"ltr\">dons de Dieu et avant tout de ce don primordial qu<\/span><span dir=\"ltr\">\u2019<\/span><span dir=\"ltr\">est l<\/span><span dir=\"ltr\">\u2019<\/span><span dir=\"ltr\">incarnation <\/span><br \/>\n<span dir=\"ltr\">du Verbe dans le sein de Marie. Le don du Verbe incarn\u00e9 \u00e0 l<\/span><span dir=\"ltr\">\u2019<\/span><span dir=\"ltr\">humanit\u00e9 <\/span><br \/>\n<span dir=\"ltr\">est totalement gr\u00e2ce, don enti\u00e8rement gratuit de l<\/span><span dir=\"ltr\">\u2019<\/span><span dir=\"ltr\">amour mis\u00e9ricor-<\/span><br \/>\n<span dir=\"ltr\">dieux du P\u00e8re. Et notre accueil de ce don doit correspondre \u00e0 cette <\/span><br \/>\n<span dir=\"ltr\">gr\u00e2ce, mais non pas en s<\/span><span dir=\"ltr\">\u2019<\/span><span dir=\"ltr\">agitant comme Marthe<\/span> <span dir=\"ltr\">: ce n<\/span><span dir=\"ltr\">\u2019<\/span><span dir=\"ltr\">est pas en mul-<\/span><br \/>\n<span dir=\"ltr\">tipliant son activit\u00e9 de cr\u00e9ature que la vierge Marie a obtenu de deve-<\/span><br \/>\n<span dir=\"ltr\">nir la M\u00e8re de Dieu. C<\/span><span dir=\"ltr\">\u2019<\/span><span dir=\"ltr\">est par son \u00e9coute de la Parole et son consen-<\/span><br \/>\n<span dir=\"ltr\">tement qu<\/span><span dir=\"ltr\">\u2019<\/span><span dir=\"ltr\">elle l<\/span><span dir=\"ltr\">\u2019<\/span><span dir=\"ltr\">est devenue.<\/span> <\/span><span id=\"page29R_mcid3\" class=\"markedContent\"><br \/>\n<span dir=\"ltr\">Si le Christ donne la pr\u00e9f\u00e9rence \u00e0 l<\/span><span dir=\"ltr\">\u2019<\/span><span dir=\"ltr\">attitude de Marie sur celle de <\/span><br \/>\n<span dir=\"ltr\">Marthe, ce qui est bl\u00e2m\u00e9 par Lui, ce n<\/span><span dir=\"ltr\">\u2019<\/span><span dir=\"ltr\">est pas l<\/span><span dir=\"ltr\">\u2019<\/span><span dir=\"ltr\">activit\u00e9 de Marthe <\/span><br \/>\n<span dir=\"ltr\">comme telle, car la parole de Dieu demande \u00e0 \u00eatre mise en \u0153uvre et <\/span><br \/>\n<span dir=\"ltr\">implique bien une activit\u00e9 de notre part, mais c<\/span><span dir=\"ltr\">\u2019<\/span><span dir=\"ltr\">est que chez Marthe, <\/span><br \/>\n<span dir=\"ltr\">cette activit\u00e9 n<\/span><span dir=\"ltr\">\u2019<\/span><span dir=\"ltr\">\u00e9tait pas r\u00e9gl\u00e9e sur l<\/span><span dir=\"ltr\">\u2019<\/span><span dir=\"ltr\">\u00e9coute de la parole de Dieu. <\/span><br \/>\n<span dir=\"ltr\">C<\/span><span dir=\"ltr\">\u2019<\/span><span dir=\"ltr\">\u00e9tait une activit\u00e9 qui trouvait en quelque sorte sa fin en elle<\/span><span dir=\"ltr\">&#8211;<\/span><span dir=\"ltr\">m\u00eame. <\/span><br \/>\n<span dir=\"ltr\">Marthe \u00e9tait agit\u00e9e, troubl\u00e9e, elle \u00e9tait dans la multiplicit\u00e9. Ce que le <\/span><br \/>\n<span dir=\"ltr\">Christ bl\u00e2me, avec douceur d<\/span><span dir=\"ltr\">\u2019<\/span><span dir=\"ltr\">ailleurs, en Marthe, ce n<\/span><span dir=\"ltr\">\u2019<\/span><span dir=\"ltr\">est pas son <\/span><br \/>\n<span dir=\"ltr\">service, mais c<\/span><span dir=\"ltr\">\u2019<\/span><span dir=\"ltr\">est la multiplicit\u00e9, c<\/span><span dir=\"ltr\">\u2019<\/span><span dir=\"ltr\">est le trouble, c<\/span><span dir=\"ltr\">\u2019<\/span><span dir=\"ltr\">est l<\/span><span dir=\"ltr\">\u2019<\/span><span dir=\"ltr\">agitation <\/span><br \/>\n<span dir=\"ltr\">dont elle t\u00e9moigne. Marthe est ici plut\u00f4t l<\/span><span dir=\"ltr\">\u2019<\/span><span dir=\"ltr\">image de la cr\u00e9ature qui se <\/span><br \/>\n<span dir=\"ltr\">confie trop en elle<\/span><span dir=\"ltr\">&#8211;<\/span><span dir=\"ltr\">m\u00eame, en son propre agir, et qui met ainsi obsta-<\/span><br \/>\n<span dir=\"ltr\">cle \u00e0 l<\/span><span dir=\"ltr\">\u2019<\/span><span dir=\"ltr\">action de la gr\u00e2ce divine.<\/span> <\/span><span id=\"page29R_mcid4\" class=\"markedContent\"><br \/>\n<\/span><\/p>\n<div class=\"canvasWrapper\"><\/div>\n<p><span id=\"page31R_mcid0\" class=\"markedContent\"><span dir=\"ltr\">Au r\u00e9cit de la rencontre de J\u00e9sus avec Marthe et Marie, la liturgie a <\/span><br \/>\n<span dir=\"ltr\">ajout\u00e9 aujourd<\/span><span dir=\"ltr\">\u2019<\/span><span dir=\"ltr\">hui un autre passage de l<\/span><span dir=\"ltr\">\u2019<\/span><span dir=\"ltr\">\u00c9vangile qui se rapporte \u00e0 <\/span><br \/>\n<span dir=\"ltr\">un autre moment de la vie de J\u00e9sus (Luc 11,27 <\/span><span dir=\"ltr\">\u2013<\/span> <span dir=\"ltr\">28), <\/span><span dir=\"ltr\">mais qui peut <\/span><br \/>\n<span dir=\"ltr\">nous aider \u00e0 nous appliquer \u00e0 nous<\/span><span dir=\"ltr\">&#8211;<\/span><span dir=\"ltr\">m\u00eames l<\/span><span dir=\"ltr\">\u2019<\/span><span dir=\"ltr\">enseignement de la Pa-<\/span><br \/>\n<span dir=\"ltr\">role de Dieu<\/span> <span dir=\"ltr\">: <\/span> <\/span><span id=\"page31R_mcid1\" class=\"markedContent\"><br \/>\n<span dir=\"ltr\">Comme J\u00e9sus parlait, une femme \u00e9leva la voix du milieu de la foule et <\/span><br \/>\n<span dir=\"ltr\">lui dit : \u00ab <\/span><span dir=\"ltr\">Bienheureux les entrailles qui t<\/span><span dir=\"ltr\">\u2019<\/span><span dir=\"ltr\">ont port\u00e9 et les seins qui <\/span><br \/>\n<span dir=\"ltr\">t<\/span><span dir=\"ltr\">\u2019<\/span><span dir=\"ltr\">ont allait\u00e9 <\/span><span dir=\"ltr\">! \u00bb<\/span> <\/span><span id=\"page31R_mcid2\" class=\"markedContent\"><br \/>\n<span dir=\"ltr\">Mais J\u00e9sus r\u00e9pondit : \u00ab <\/span><span dir=\"ltr\">Bienheureux plut\u00f4t ceux qui \u00e9coutent la Parole <\/span><br \/>\n<span dir=\"ltr\">de Dieu et qui la gardent <\/span><span dir=\"ltr\">! \u00bb<\/span> <\/span><span id=\"page31R_mcid3\" class=\"markedContent\"><br \/>\n<span dir=\"ltr\">En effet, par notre \u00e9coute et notre consentement \u00e0 la Parole de Dieu, <\/span><br \/>\n<span dir=\"ltr\">nous donnons naissance au Christ en nous et nous Lui permettons de <\/span><br \/>\n<span dir=\"ltr\">nous transformer r\u00e9ellement en Lui. Assur\u00e9ment, depuis notre bap-<\/span><br \/>\n<span dir=\"ltr\">t\u00eame, nous sommes greff\u00e9s sur le corps ressuscit\u00e9 du Christ, d<\/span><span dir=\"ltr\">\u2019<\/span><span dir=\"ltr\">o\u00f9 <\/span><br \/>\n<span dir=\"ltr\">\u00e9mane le feu divin de l<\/span><span dir=\"ltr\">\u2019<\/span><span dir=\"ltr\">\u00e9nergie incr\u00e9\u00e9e de la divinit\u00e9. Mais il faut qu<\/span><span dir=\"ltr\">\u2019<\/span><span dir=\"ltr\">\u00e0 <\/span><br \/>\n<span dir=\"ltr\">partir de l\u00e0, nous laissions le Christ unir son agir au n\u00f4tre, le p\u00e9n\u00e9trer, <\/span><br \/>\n<span dir=\"ltr\">l<\/span><span dir=\"ltr\">\u2019<\/span><span dir=\"ltr\">impr\u00e9gner toujours davantage, jusqu<\/span><span dir=\"ltr\">\u2019<\/span><span dir=\"ltr\">\u00e0 ce que soit v\u00e9ritablement Lui <\/span><br \/>\n<span dir=\"ltr\">qui agisse en nous. C<\/span><span dir=\"ltr\">\u2019<\/span><span dir=\"ltr\">est en ce sens que nous donnons naissance au <\/span><br \/>\n<span dir=\"ltr\">Christ en nous, et c<\/span><span dir=\"ltr\">\u2019<\/span><span dir=\"ltr\">est en engendrant ainsi le Christ en nous que <\/span><br \/>\n<span dir=\"ltr\">nous participons au myst\u00e8re de la maternit\u00e9 divine de la vierge Ma-<\/span><br \/>\n<span dir=\"ltr\">rie. C<\/span><span dir=\"ltr\">\u2019<\/span><span dir=\"ltr\">est pourquoi le Christ a pu dire en toute v\u00e9rit\u00e9, en une autre <\/span><br \/>\n<span dir=\"ltr\">circonstance : \u00ab <\/span><span dir=\"ltr\">Ma m\u00e8re et mes fr\u00e8res, ce sont ceux qui \u00e9coutent la <\/span><br \/>\n<span dir=\"ltr\">Parole de Dieu et la mettent en pratique <\/span><span dir=\"ltr\">\u00bb (Luc 8,21).<\/span> <\/span><span id=\"page31R_mcid4\" class=\"markedContent\"><br \/>\n<\/span><span id=\"page31R_mcid5\" class=\"markedContent\"><br \/>\n<span dir=\"ltr\">D<\/span><span dir=\"ltr\">\u2019<\/span><span dir=\"ltr\">apr\u00e8s l<\/span><span dir=\"ltr\">\u2019<\/span><span dir=\"ltr\">archimandrite P. Deseille, <\/span><span dir=\"ltr\">la<\/span> <span dir=\"ltr\">couronne<\/span> <\/span><span id=\"page31R_mcid6\" class=\"markedContent\"><br \/>\n<span dir=\"ltr\">b\u00e9nie de l<\/span><span dir=\"ltr\">\u2019<\/span><span dir=\"ltr\">ann\u00e9e chr\u00e9tienne, <\/span><span dir=\"ltr\">volume 2, pages 350<\/span><span dir=\"ltr\">&#8211;<\/span><span dir=\"ltr\">353.<\/span> <\/span><span id=\"page31R_mcid7\" class=\"markedContent\"><br \/>\n<\/span><span id=\"page31R_mcid8\" class=\"markedContent\"><br \/>\n<\/span><span id=\"page31R_mcid9\" class=\"markedContent\"><br \/>\n<\/span><\/p>\n<div class=\"canvasWrapper\"><\/div>\n<p><span id=\"page55R_mcid0\" class=\"markedContent\"><\/span><span id=\"page55R_mcid2\" class=\"markedContent\"><br \/>\n<span dir=\"ltr\">Divine Liturgie<\/span> <\/span><span id=\"page55R_mcid3\" class=\"markedContent\"><br \/>\n<span dir=\"ltr\">Eglise ouverte, 50 personnes max.<\/span> <\/span><span id=\"page55R_mcid4\" class=\"markedContent\"><br \/>\n<span dir=\"ltr\">Dimanche 1<\/span><span dir=\"ltr\">er<\/span> <span dir=\"ltr\">aout<\/span> <span dir=\"ltr\">:<\/span> <span dir=\"ltr\">la gu\u00e9rison du paralytique<\/span> <\/span><span id=\"page55R_mcid5\" class=\"markedContent\"><br \/>\n<span dir=\"ltr\">Evangile<\/span> <span dir=\"ltr\">: Mat 9\/1<\/span><span dir=\"ltr\">&#8211;<\/span><span dir=\"ltr\">8 <\/span><span dir=\"ltr\">&#8211;<\/span> <span dir=\"ltr\">Epitre<\/span> <span dir=\"ltr\">: Rom 12\/6<\/span><span dir=\"ltr\">&#8211;<\/span><span dir=\"ltr\">14<\/span> <\/span><span id=\"page55R_mcid6\" class=\"markedContent\"><br \/>\n<span dir=\"ltr\">Dimanche 8<\/span> <span dir=\"ltr\">: <\/span><span dir=\"ltr\">la sainte Transfiguration<\/span> <\/span><span id=\"page55R_mcid7\" class=\"markedContent\"><br \/>\n<span dir=\"ltr\">Evangile<\/span> <span dir=\"ltr\">: Mat 17\/1<\/span><span dir=\"ltr\">&#8211;<\/span><span dir=\"ltr\">9 <\/span><span dir=\"ltr\">&#8211;<\/span> <span dir=\"ltr\">Epitre<\/span> <span dir=\"ltr\">: 2 Pi 1\/10<\/span><span dir=\"ltr\">&#8211;<\/span><span dir=\"ltr\">19<\/span> <\/span><span id=\"page55R_mcid8\" class=\"markedContent\"><br \/>\n<span dir=\"ltr\">Dimanche 15<\/span> <span dir=\"ltr\">: <\/span><span dir=\"ltr\">Dormition de la Tr\u00e8s Sainte M\u00e8re de Dieu<\/span> <\/span><span id=\"page55R_mcid9\" class=\"markedContent\"><br \/>\n<span dir=\"ltr\">Evangile<\/span> <span dir=\"ltr\">: Luc 10\/38<\/span><span dir=\"ltr\">&#8211;<\/span><span dir=\"ltr\">42<\/span> <span dir=\"ltr\">; 11\/27<\/span><span dir=\"ltr\">&#8211;<\/span><span dir=\"ltr\">28 <\/span><span dir=\"ltr\">&#8211;<\/span> <span dir=\"ltr\">Epitre<\/span> <span dir=\"ltr\">: Phil 2\/5<\/span><span dir=\"ltr\">&#8211;<\/span><span dir=\"ltr\">11<\/span> <\/span><span id=\"page55R_mcid10\" class=\"markedContent\"><br \/>\n<span dir=\"ltr\">Dimanche 22<\/span> <span dir=\"ltr\">: <\/span><span dir=\"ltr\">J\u00e9sus marche sur l<\/span><span dir=\"ltr\">\u2019<\/span><span dir=\"ltr\">eau<\/span> <\/span><span id=\"page55R_mcid11\" class=\"markedContent\"><br \/>\n<span dir=\"ltr\">Evangile<\/span> <span dir=\"ltr\">: Mat 14\/22<\/span><span dir=\"ltr\">&#8211;<\/span><span dir=\"ltr\">34 <\/span><span dir=\"ltr\">&#8211;<\/span> <span dir=\"ltr\">Epitre<\/span> <span dir=\"ltr\">:<\/span> <span dir=\"ltr\">1 Cor 3\/9<\/span><span dir=\"ltr\">&#8211;<\/span><span dir=\"ltr\">17<\/span> <\/span><span id=\"page55R_mcid12\" class=\"markedContent\"><br \/>\n<span dir=\"ltr\">Dimanche 29<\/span> <span dir=\"ltr\">: <\/span><span dir=\"ltr\">D<\/span><span dir=\"ltr\">\u00e9capitation de St Jean Baptiste<\/span> <\/span><span id=\"page55R_mcid13\" class=\"markedContent\"><br \/>\n<span dir=\"ltr\">Evangile<\/span> <span dir=\"ltr\">: Marc 6\/14<\/span><span dir=\"ltr\">&#8211;<\/span><span dir=\"ltr\">30 <\/span><span dir=\"ltr\">&#8211;<\/span> <span dir=\"ltr\">Epitre<\/span> <span dir=\"ltr\">: Actes 13\/25<\/span><span dir=\"ltr\">&#8211;<\/span><span dir=\"ltr\">33<\/span> <\/span><span id=\"page55R_mcid14\" class=\"markedContent\"><br \/>\n<\/span><span id=\"page55R_mcid15\" class=\"markedContent\"><br \/>\n<span dir=\"ltr\">Eglise orthodoxe de la<\/span> <\/span><span id=\"page55R_mcid16\" class=\"markedContent\"><br \/>\n<span dir=\"ltr\">Sainte Transfiguration<\/span> <\/span><span id=\"page55R_mcid17\" class=\"markedContent\"><br \/>\n<span dir=\"ltr\">Grande<\/span><span dir=\"ltr\">&#8211;<\/span><span dir=\"ltr\">Rivi<\/span><\/span><span id=\"page55R_mcid18\" class=\"markedContent\"><span dir=\"ltr\">\u00e8re N<\/span><span dir=\"ltr\">&#8211;<\/span><span dir=\"ltr\">O<\/span> <\/span><span id=\"page55R_mcid19\" class=\"markedContent\"><br \/>\n<span dir=\"ltr\">Ile Maurice<\/span> <\/span><span id=\"page55R_mcid20\" class=\"markedContent\"><br \/>\n<span dir=\"ltr\">(derri\u00e8re le garage Bala)<\/span> <\/span><span id=\"page55R_mcid21\" class=\"markedContent\"><br \/>\n<span dir=\"ltr\">Divine Liturgie<\/span> <\/span><span id=\"page55R_mcid22\" class=\"markedContent\"><br \/>\n<span dir=\"ltr\">Chaque dimanche \u00e0 9h30<\/span> <\/span><span id=\"page55R_mcid23\" class=\"markedContent\"><br \/>\n<span dir=\"ltr\">Site WEB:<\/span> <\/span><span id=\"page55R_mcid24\" class=\"markedContent\"><br \/>\n<span dir=\"ltr\">http:\/\/orthodoxchurchmauritius.org<\/span> <\/span><span id=\"page55R_mcid25\" class=\"markedContent\"><br \/>\n<\/span><span id=\"page55R_mcid26\" class=\"markedContent\"><br \/>\n<\/span><span id=\"page55R_mcid27\" class=\"markedContent\"><br \/>\n<\/span><span id=\"page55R_mcid28\" class=\"markedContent\"><br \/>\n<\/span><span id=\"page55R_mcid29\" class=\"markedContent\"><br \/>\n<\/span><span id=\"page55R_mcid30\" class=\"markedContent\"><br \/>\n<\/span><span id=\"page55R_mcid31\" class=\"markedContent\"><br \/>\n<\/span><span id=\"page55R_mcid32\" class=\"markedContent\"><br \/>\n<\/span><span id=\"page55R_mcid33\" class=\"markedContent\"><br \/>\n<span dir=\"ltr\">P\u00e8re <\/span><span dir=\"ltr\">Athanasios<\/span><span dir=\"ltr\">, tel.: 57 33 32 53<\/span> <\/span><span id=\"page55R_mcid34\" class=\"markedContent\"><br \/>\n<span dir=\"ltr\">E<\/span><span dir=\"ltr\">&#8211;<\/span><span dir=\"ltr\">mail: <\/span><span dir=\"ltr\">p.athanasios@myt.mu<\/span> <\/span><span id=\"page55R_mcid35\" class=\"markedContent\"><br \/>\n<\/span><span id=\"page55R_mcid36\" class=\"markedContent\"><br \/>\n<span dir=\"ltr\">P\u00e8re <\/span><span dir=\"ltr\">Ian<\/span><span dir=\"ltr\">, tel.: 52 57 90 53<\/span> <\/span><span id=\"page55R_mcid37\" class=\"markedContent\"><br \/>\n<span dir=\"ltr\">E<\/span><span dir=\"ltr\">&#8211;<\/span><span dir=\"ltr\">mail: <\/span><span dir=\"ltr\">fr.ian@antiochian.org.nz<\/span> <\/span><\/p>\n","protected":false},"excerpt":{"rendered":"<p>Paroisse orthodoxe de la sainte Transfiguration Num\u00e9ro 67, aout 2021 Dormition de la tr\u00e8s sainte M\u00e8re de Dieu \u00c0 l\u2019origine, dans l\u2019ann\u00e9e liturgique, cette f\u00eate du 15 ao\u00fbt \u00e9tait la f\u00eate unique de la M\u00e8re de Dieu, par laquelle l\u2019\u00c9glise voulait comm\u00e9morer et honorer tout son myst\u00e8re. Depuis l\u2019origine aussi, on lit \u00e0 la liturgie &hellip; <a href=\"http:\/\/www.orthodoxie-reunion.com\/?p=2227\" class=\"more-link\">Continuer la lecture de <span class=\"screen-reader-text\">Bulletin du mois d&rsquo;Aout 2021 de l&rsquo;Eglise Orthodoxe \u00e0 Maurice<\/span><\/a><\/p>\n","protected":false},"author":1,"featured_media":0,"comment_status":"open","ping_status":"open","sticky":false,"template":"","format":"standard","meta":{"footnotes":""},"categories":[1],"tags":[],"class_list":["post-2227","post","type-post","status-publish","format-standard","hentry","category-non-classe"],"_links":{"self":[{"href":"http:\/\/www.orthodoxie-reunion.com\/index.php?rest_route=\/wp\/v2\/posts\/2227","targetHints":{"allow":["GET"]}}],"collection":[{"href":"http:\/\/www.orthodoxie-reunion.com\/index.php?rest_route=\/wp\/v2\/posts"}],"about":[{"href":"http:\/\/www.orthodoxie-reunion.com\/index.php?rest_route=\/wp\/v2\/types\/post"}],"author":[{"embeddable":true,"href":"http:\/\/www.orthodoxie-reunion.com\/index.php?rest_route=\/wp\/v2\/users\/1"}],"replies":[{"embeddable":true,"href":"http:\/\/www.orthodoxie-reunion.com\/index.php?rest_route=%2Fwp%2Fv2%2Fcomments&post=2227"}],"version-history":[{"count":1,"href":"http:\/\/www.orthodoxie-reunion.com\/index.php?rest_route=\/wp\/v2\/posts\/2227\/revisions"}],"predecessor-version":[{"id":2228,"href":"http:\/\/www.orthodoxie-reunion.com\/index.php?rest_route=\/wp\/v2\/posts\/2227\/revisions\/2228"}],"wp:attachment":[{"href":"http:\/\/www.orthodoxie-reunion.com\/index.php?rest_route=%2Fwp%2Fv2%2Fmedia&parent=2227"}],"wp:term":[{"taxonomy":"category","embeddable":true,"href":"http:\/\/www.orthodoxie-reunion.com\/index.php?rest_route=%2Fwp%2Fv2%2Fcategories&post=2227"},{"taxonomy":"post_tag","embeddable":true,"href":"http:\/\/www.orthodoxie-reunion.com\/index.php?rest_route=%2Fwp%2Fv2%2Ftags&post=2227"}],"curies":[{"name":"wp","href":"https:\/\/api.w.org\/{rel}","templated":true}]}}