{"id":2145,"date":"2021-04-02T04:17:16","date_gmt":"2021-04-02T04:17:16","guid":{"rendered":"http:\/\/www.orthodoxie-reunion.com\/?p=2145"},"modified":"2021-04-02T04:20:30","modified_gmt":"2021-04-02T04:20:30","slug":"bulletin-du-mois-davril-2021-de-leglise-orthodoxe-a-lile-maurice","status":"publish","type":"post","link":"http:\/\/www.orthodoxie-reunion.com\/?p=2145","title":{"rendered":"Bulletin du mois d&rsquo;avril 2021 de l&rsquo;Eglise Orthodoxe \u00e0 l&rsquo;\u00eele Maurice"},"content":{"rendered":"<p><a href=\"http:\/\/www.orthodoxie-reunion.com\/?attachment_id=1912\" rel=\"attachment wp-att-1912\"><img loading=\"lazy\" decoding=\"async\" class=\"aligncenter size-full wp-image-1912\" src=\"http:\/\/www.orthodoxie-reunion.com\/wp-content\/uploads\/2020\/03\/echelle.jpg\" alt=\"echelle\" width=\"418\" height=\"340\" \/><\/a><\/p>\n<p>&nbsp;<\/p>\n<p><strong>Paroisse orthodoxe de la sainte Transfiguration <\/strong><\/p>\n<p>&nbsp;<\/p>\n<p>&nbsp;<\/p>\n<p><strong>Num\u00e9ro <\/strong>63, avril 2021<\/p>\n<p>&nbsp;<\/p>\n<p>Saint Jean Climaque<\/p>\n<p>&nbsp;<\/p>\n<p>En ce dimanche 11 avril, l\u2019\u00c9glise nous invite \u00e0 v\u00e9n\u00e9rer tout particuli\u00e8rement saint Jean Climaque qui est le ma\u00eetre spirituel que l\u2019\u00c9glise nous conseille le plus d\u2019\u00e9couter tout au long du car\u00eame, puisqu\u2019en principe, selon le typicon de l\u2019\u00c9glise, on devrait lire chaque jour \u00e0 l\u2019office un passage de son \u00c9chelle sainte.<\/p>\n<p>L\u2019\u00e9chelle de saint Jean Climaque a toujours \u00e9t\u00e9 consid\u00e9r\u00e9e, dans la tradition orthodoxe, comme la somme de la vie spirituelle, comme le livre qui r\u00e9sume v\u00e9ritablement tout l\u2019enseignement des saints P\u00e8res sur la vie spirituelle, sur la vie monastique qui appara\u00eet, si je puis dire, comme l\u2019exemplaire de toute vie spirituelle. Tout chr\u00e9tien, d\u2019une mani\u00e8re ou d\u2019une autre, doit, dans l\u2019\u00e9tat qui est le sien, essayer de mettre en oeuvre avec discernement ce qui est l\u2019\u00e2me de la vie monastique.<\/p>\n<p>Saint Jean Climaque nous met en face de ce qui doit \u00eatre le point de d\u00e9part de cette ascension vers le ciel qu\u2019il nous propose. La base de l\u2019\u00e9chelle ainsi con\u00e7ue, c\u2019est l\u2019attachement au Christ. Un attachement au Christ sans partage, le d\u00e9sir d\u2019\u00eatre vraiment, totalement son disciple, c\u2019est cela qui est la base essentielle, fondamentale de la vie monastique et de toute vie chr\u00e9tienne.<\/p>\n<p>Si saint Jean Climaque a donn\u00e9 33 degr\u00e9s \u00e0 son \u00e9chelle, c\u2019est pour bien montrer que c\u2019est en suivant le Christ que l\u2019on peut en atteindre le sommet. 33, c\u2019est le nombre des ann\u00e9es terrestres du Christ, et c\u2019est en suivant le Christ pas \u00e0 pas, dans ce chemin qui l\u2019a conduit de Bethl\u00e9em \u00e0 la croix et \u00e0 la r\u00e9surrection, que le moine ou le chr\u00e9tien en g\u00e9n\u00e9ral pourra parvenir \u00e0 la vision de Dieu, \u00e0 la vision de la lumi\u00e8re pl\u00e9ni\u00e8re \u00e0 laquelle il aspire.<\/p>\n<p>La base de tout cela, c\u2019est l\u2019amour du Christ, le d\u00e9sir de se donner totalement \u00e0 Lui. Le chr\u00e9tien dans le monde ne doit pas avoir un autre id\u00e9al. Il doit le r\u00e9aliser, certes, dans une vie qui dans son organisation quotidienne n\u2019est pas constitu\u00e9e en vue de cela, mais le but reste le m\u00eame, la vie monastique \u00e9tant simplement le moyen qui exprime le mieux, permet le mieux possible de rejoindre cet id\u00e9al, compte tenu bien s\u00fbr des particularit\u00e9s de chacun.<\/p>\n<p>L\u2019\u00c9chelle de saint Jean Climaque, bien qu\u2019elle contienne beaucoup de pr\u00e9ceptes spirituels divers et qu\u2019elle touche \u00e0 beaucoup de sujets, pourrait se ramener \u00e0 l\u2019humilit\u00e9. Saint Jean Climaque nous dit quelque part : \u00ab de m\u00eame que l\u2019orgueil seul a pu pr\u00e9cipiter des anges du ciel, on peut penser que l\u2019humilit\u00e9 \u00e0 elle seule, si elle est profonde, v\u00e9ritable, peut faire de l\u2019homme un ange, \u00e9lever l\u2019homme de la terre au ciel. \u00bb Si nous pouvons loyalement devant Dieu dire : \u00ab oui, je t\u00e2che au moins d\u2019\u00eatre humble en cela \u00bb, eh bien, \u00e0 ce moment-l\u00e0 nous sommes sur cette \u00e9chelle, nous parviendrons \u00e0 son sommet. Si, au contraire, nous sommes oblig\u00e9s de reconna\u00eetre que notre comportement, que nos pens\u00e9es, et que nos r\u00e9actions viennent, d\u2019une mani\u00e8re ou d\u2019une autre, de l\u2019orgueil, de notre amour de nous-m\u00eames, de nos susceptibilit\u00e9s, alors, \u00e0 ce moment-l\u00e0, il faut op\u00e9rer une conversion, un retournement profond de notre attitude ; sinon, au lieu de rester sur l\u2019\u00e9chelle, nous serons comme ces malheureux moines qui sont happ\u00e9s par le grappin des d\u00e9mons et qui, de l\u2019\u00e9chelle, tombent dans la gueule de l\u2019enfer.<\/p>\n<p>Nous devons, quand nous nous sentons ainsi tent\u00e9s, quand nous sentons que le d\u00e9mon essaie de nous faire tomber de cette \u00e9chelle qui est notre seule sauvegarde, le seul chemin v\u00e9ritable que nous devrions suivre, nous devons appeler \u00e0 l\u2019aide ces anges qui sont l\u00e0, pr\u00eats \u00e0 nous aider, \u00e0 nous fortifier pour nous conduire vers le sommet. Oui, c\u2019est l\u2019humilit\u00e9 qui est l\u2019\u00e9chelle v\u00e9ritable. Cette \u00e9chelle que Jacob voyait d\u00e9j\u00e0, \u00e9tablissant une union \u00e9troite entre la terre et le ciel.<\/p>\n<p>L\u2019\u00e9chelle de saint Jean Climaque est sans doute aussi l\u2019\u00e9chelle qui nous conduit \u00e0 la joie, et \u00e0 la joie v\u00e9ritable. Et \u00e0 mesure qu\u2019on lit ce livre, en s\u2019effor\u00e7ant de le mettre en pratique, on voit cette joie fleurir, s\u2019\u00e9panouir et finalement elle p\u00e9n\u00e8tre tout, elle impr\u00e8gne tout cet itin\u00e9raire spirituel.<\/p>\n<p>Demandons \u00e0 saint Jean Climaque de nous aider, de nous \u00e9clairer int\u00e9rieurement pour nous montrer comment gravir cette \u00e9chelle.<\/p>\n<p>D\u2019apr\u00e8s l\u2019archimandrite Placide Deseille, <em>La couronne <\/em><\/p>\n<p><em>b\u00e9nie de l\u2019ann\u00e9e chr\u00e9tienne<\/em>, volume 2, pages 99 \u2013 103.<\/p>\n<p>&nbsp;<\/p>\n<p><strong>Divine Liturgie <\/strong><\/p>\n<p><strong><em>Confinement: \u00e9glise ferm\u00e9e. <\/em><\/strong><\/p>\n<p><strong>Dimanche 4 avril: <\/strong>la Sainte Croix<\/p>\n<p><em>Epitre: <\/em>H\u00e9b. 4\/14 \u2013 5\/6. <em>Evangile : <\/em>Marc 8\/34 \u2013 9\/1<\/p>\n<p><strong>Dimanche 11 : <\/strong>saint Jean Climaque<\/p>\n<p><em>Epitre: <\/em>H\u00e9b. 6\/13-20. <em>Evangile : <\/em>Marc 9\/17-31<\/p>\n<p><strong>Dimanche 18 : <\/strong>Sainte Marie d\u2019Egypte<\/p>\n<p><em>Epitre : <\/em>H\u00e9b. 9\/11-14. <em>Evangile : <\/em>Marc 10\/ 32-45<\/p>\n<p><strong>Dimanche 25 :<\/strong>Les Rameaux<\/p>\n<p><em>Epitre : <\/em>Phil. 4\/4-9. <em>Evangile : <\/em>Jean 12\/1-18<\/p>\n<p>&nbsp;<\/p>\n<p><strong>Eglise orthodoxe de la <\/strong><\/p>\n<p><strong>Sainte Transfiguration <\/strong><\/p>\n<p>Grande-Rivi\u00e8re N-O<\/p>\n<p>Ile Maurice<\/p>\n<p>(derri\u00e8re le garage Bala)<\/p>\n<p><strong>Divine Liturgie <\/strong><\/p>\n<p><strong>Chaque dimanche \u00e0 9h30 <\/strong><\/p>\n<p>Site WEB:<\/p>\n<p>http:\/\/orthodoxchurchmauritius.org<\/p>\n<p>&nbsp;<\/p>\n<p>P\u00e8re <strong>Athanasios<\/strong>, tel.: 57 33 32 53<\/p>\n<p>E-mail: p.athanasios@myt.mu<\/p>\n<p>P\u00e8re <strong>Ian<\/strong>, tel.: 52 57 90 53<\/p>\n<p>E-mail: fr.ian@antiochian.org.nz<\/p>\n<p>&nbsp;<\/p>\n<p>&nbsp;<\/p>\n","protected":false},"excerpt":{"rendered":"<p>&nbsp; Paroisse orthodoxe de la sainte Transfiguration &nbsp; &nbsp; Num\u00e9ro 63, avril 2021 &nbsp; Saint Jean Climaque &nbsp; En ce dimanche 11 avril, l\u2019\u00c9glise nous invite \u00e0 v\u00e9n\u00e9rer tout particuli\u00e8rement saint Jean Climaque qui est le ma\u00eetre spirituel que l\u2019\u00c9glise nous conseille le plus d\u2019\u00e9couter tout au long du car\u00eame, puisqu\u2019en principe, selon le typicon &hellip; <a href=\"http:\/\/www.orthodoxie-reunion.com\/?p=2145\" class=\"more-link\">Continuer la lecture de <span class=\"screen-reader-text\">Bulletin du mois d&rsquo;avril 2021 de l&rsquo;Eglise Orthodoxe \u00e0 l&rsquo;\u00eele Maurice<\/span><\/a><\/p>\n","protected":false},"author":1,"featured_media":0,"comment_status":"open","ping_status":"open","sticky":false,"template":"","format":"standard","meta":{"footnotes":""},"categories":[1],"tags":[],"class_list":["post-2145","post","type-post","status-publish","format-standard","hentry","category-non-classe"],"_links":{"self":[{"href":"http:\/\/www.orthodoxie-reunion.com\/index.php?rest_route=\/wp\/v2\/posts\/2145","targetHints":{"allow":["GET"]}}],"collection":[{"href":"http:\/\/www.orthodoxie-reunion.com\/index.php?rest_route=\/wp\/v2\/posts"}],"about":[{"href":"http:\/\/www.orthodoxie-reunion.com\/index.php?rest_route=\/wp\/v2\/types\/post"}],"author":[{"embeddable":true,"href":"http:\/\/www.orthodoxie-reunion.com\/index.php?rest_route=\/wp\/v2\/users\/1"}],"replies":[{"embeddable":true,"href":"http:\/\/www.orthodoxie-reunion.com\/index.php?rest_route=%2Fwp%2Fv2%2Fcomments&post=2145"}],"version-history":[{"count":2,"href":"http:\/\/www.orthodoxie-reunion.com\/index.php?rest_route=\/wp\/v2\/posts\/2145\/revisions"}],"predecessor-version":[{"id":2147,"href":"http:\/\/www.orthodoxie-reunion.com\/index.php?rest_route=\/wp\/v2\/posts\/2145\/revisions\/2147"}],"wp:attachment":[{"href":"http:\/\/www.orthodoxie-reunion.com\/index.php?rest_route=%2Fwp%2Fv2%2Fmedia&parent=2145"}],"wp:term":[{"taxonomy":"category","embeddable":true,"href":"http:\/\/www.orthodoxie-reunion.com\/index.php?rest_route=%2Fwp%2Fv2%2Fcategories&post=2145"},{"taxonomy":"post_tag","embeddable":true,"href":"http:\/\/www.orthodoxie-reunion.com\/index.php?rest_route=%2Fwp%2Fv2%2Ftags&post=2145"}],"curies":[{"name":"wp","href":"https:\/\/api.w.org\/{rel}","templated":true}]}}