{"id":2036,"date":"2020-10-05T05:19:54","date_gmt":"2020-10-05T05:19:54","guid":{"rendered":"http:\/\/www.orthodoxie-reunion.com\/?p=2036"},"modified":"2020-10-05T05:19:54","modified_gmt":"2020-10-05T05:19:54","slug":"sur-la-colere-2","status":"publish","type":"post","link":"http:\/\/www.orthodoxie-reunion.com\/?p=2036","title":{"rendered":"Sur la col\u00e8re"},"content":{"rendered":"<div class=\"text-wrap tlid-copy-target\">\n<div class=\"result-shield-container tlid-copy-target\" tabindex=\"0\"><span class=\"tlid-translation translation\" lang=\"fr\">Sur la col\u00e8re<br \/>\nNous devons lutter contre la col\u00e8re.<br \/>\nEn montant dans ma voiture dans un parking local, j&rsquo;ai entendu quelqu&rsquo;un prononcer vainement le nom de Dieu , il \u00e9tait en col\u00e8re pour avoir laiss\u00e9 tomber quelque chose. Levant les yeux, j&rsquo;ai r\u00e9alis\u00e9 que je connaissais la personne. C&rsquo;\u00e9tait quelqu&rsquo;un qui se disait chr\u00e9tien et il aurait \u00e9t\u00e9 horrifi\u00e9 s&rsquo;il avait r\u00e9alis\u00e9 que je l&rsquo;avais entendu. Il ne savait pas que je n&rsquo;\u00e9tais pas la seule personne \u00e0 avoir entendu cette explosion de col\u00e8re, car une femme l&rsquo;a remarqu\u00e9 et a lev\u00e9 les yeux au ciel en me regardant. J&rsquo;ai ressenti de la tristesse pour la personne qui s&rsquo;\u00e9tait livr\u00e9e \u00e0 la passion de la col\u00e8re, d&rsquo;autant plus que sa col\u00e8re impliquait de prononcer en vain le nom du Seigneur, le Seigneur m\u00eame dont il porte le nom. C&rsquo;est particuli\u00e8rement tragique quand une personne qui s&rsquo;affirme chr\u00e9tienne prononce le nom du Seigneur en vain, car il y a beaucoup de non-croyants qui gardent leurs paroles mieux que beaucoup qui professent le Christ.<br \/>\nLes P\u00e8res nous disent que chaque fois que quelqu&rsquo;un prononce le nom de Dieu en vain, les ramifications se r\u00e9percutent dans tout le cosmos. Aussi insignifiants que nous pensons que nos p\u00e9ch\u00e9s secrets puissent \u00eatre, ils ont un impact sur tout l&rsquo;univers. La r\u00e9demption ne nous concerne pas seulement nous, mais l&rsquo;ensemble de l&rsquo;univers. Mon salut et votre salut sont li\u00e9s.<br \/>\nSaint S\u00e9raphin de Sarov a dit: \u00ab\u00a0On doit par tous les moyens s&rsquo;efforcer de pr\u00e9server la paix de l&rsquo;\u00e2me et ne pas \u00eatre d\u00e9rang\u00e9 par les offenses des autres; car on\u00a0 doit s&rsquo;efforcer par tout moyen de contenir la col\u00e8re et par le biais de l&rsquo;attention de pr\u00e9server l&rsquo;esprit et le c\u0153ur de tout sentiment impropre. Nous devons donc supporter les offenses des autres avec s\u00e9r\u00e9nit\u00e9 et nous habituer \u00e0 une telle disposition d&rsquo;esprit que ces offenses ne nous atteignent pas&#8230; Une telle pratique peut donner la tranquillit\u00e9 au c\u0153ur humain et en faire une demeure pour Dieu lui-m\u00eame. \u00a0\u00bb<br \/>\nAbstenons-nous de toute col\u00e8re. Si nous sommes vraiment du Christ, nous avons les moyens de changer, car c&rsquo;est parce que nous avons Christ en nous que la victoire sur les passions peut \u00eatre la n\u00f4tre. Nous devons nous rappeler les paroles d&rsquo;Abba Nilus: \u00abLa pri\u00e8re est la semence de la douceur et de l&rsquo;absence de col\u00e8re\u00bb.<br \/>\nAvec l&rsquo;amour en Christ,<br \/>\nAbb\u00e9 Tryphon<\/span><\/div>\n<div class=\"result-shield-container tlid-copy-target\" tabindex=\"0\">https:\/\/www.facebook.com\/Abbot-Tryphon-1395030584153681\/<\/div>\n<\/div>\n<div class=\"tlid-result-transliteration-container result-transliteration-container transliteration-container\"><\/div>\n","protected":false},"excerpt":{"rendered":"<p>Sur la col\u00e8re Nous devons lutter contre la col\u00e8re. En montant dans ma voiture dans un parking local, j&rsquo;ai entendu quelqu&rsquo;un prononcer vainement le nom de Dieu , il \u00e9tait en col\u00e8re pour avoir laiss\u00e9 tomber quelque chose. Levant les yeux, j&rsquo;ai r\u00e9alis\u00e9 que je connaissais la personne. C&rsquo;\u00e9tait quelqu&rsquo;un qui se disait chr\u00e9tien et &hellip; <a href=\"http:\/\/www.orthodoxie-reunion.com\/?p=2036\" class=\"more-link\">Continuer la lecture de <span class=\"screen-reader-text\">Sur la col\u00e8re<\/span><\/a><\/p>\n","protected":false},"author":1,"featured_media":0,"comment_status":"open","ping_status":"open","sticky":false,"template":"","format":"standard","meta":{"footnotes":""},"categories":[9],"tags":[],"class_list":["post-2036","post","type-post","status-publish","format-standard","hentry","category-homelie-2"],"_links":{"self":[{"href":"http:\/\/www.orthodoxie-reunion.com\/index.php?rest_route=\/wp\/v2\/posts\/2036","targetHints":{"allow":["GET"]}}],"collection":[{"href":"http:\/\/www.orthodoxie-reunion.com\/index.php?rest_route=\/wp\/v2\/posts"}],"about":[{"href":"http:\/\/www.orthodoxie-reunion.com\/index.php?rest_route=\/wp\/v2\/types\/post"}],"author":[{"embeddable":true,"href":"http:\/\/www.orthodoxie-reunion.com\/index.php?rest_route=\/wp\/v2\/users\/1"}],"replies":[{"embeddable":true,"href":"http:\/\/www.orthodoxie-reunion.com\/index.php?rest_route=%2Fwp%2Fv2%2Fcomments&post=2036"}],"version-history":[{"count":1,"href":"http:\/\/www.orthodoxie-reunion.com\/index.php?rest_route=\/wp\/v2\/posts\/2036\/revisions"}],"predecessor-version":[{"id":2037,"href":"http:\/\/www.orthodoxie-reunion.com\/index.php?rest_route=\/wp\/v2\/posts\/2036\/revisions\/2037"}],"wp:attachment":[{"href":"http:\/\/www.orthodoxie-reunion.com\/index.php?rest_route=%2Fwp%2Fv2%2Fmedia&parent=2036"}],"wp:term":[{"taxonomy":"category","embeddable":true,"href":"http:\/\/www.orthodoxie-reunion.com\/index.php?rest_route=%2Fwp%2Fv2%2Fcategories&post=2036"},{"taxonomy":"post_tag","embeddable":true,"href":"http:\/\/www.orthodoxie-reunion.com\/index.php?rest_route=%2Fwp%2Fv2%2Ftags&post=2036"}],"curies":[{"name":"wp","href":"https:\/\/api.w.org\/{rel}","templated":true}]}}