{"id":1930,"date":"2020-05-01T14:18:27","date_gmt":"2020-05-01T14:18:27","guid":{"rendered":"http:\/\/www.orthodoxie-reunion.com\/?p=1930"},"modified":"2020-05-01T14:18:31","modified_gmt":"2020-05-01T14:18:31","slug":"sur-labsence-de-foi","status":"publish","type":"post","link":"http:\/\/www.orthodoxie-reunion.com\/?p=1930","title":{"rendered":"Sur l&rsquo;absence de foi"},"content":{"rendered":"<p><a name=\"tw-target-text\"><\/a> <span style=\"font-family: Liberation Serif, serif;\"><span lang=\"en-US\"><span lang=\"fr-FR\">No\u00ebl et P\u00e2ques sont souvent des jours d<\/span><span lang=\"fr-FR\">\u00e9plaisants<\/span><span lang=\"fr-FR\"> pour ceux qui ne croient pas en Dieu. Les chr\u00e9tiens <\/span><span lang=\"fr-FR\">se mettent<\/span> <span lang=\"en-US\">alors <\/span><span lang=\"fr-FR\">\u00e0 parler <\/span><span lang=\"en-US\">plus ouvertement <\/span><span lang=\"fr-FR\">de leur foi qu&rsquo;\u00e0 d&rsquo;autres moments de l&rsquo;ann\u00e9e, ce qui <\/span><span lang=\"en-US\">peut <\/span><span lang=\"fr-FR\">g\u00eaner <\/span><span lang=\"fr-FR\">. No\u00ebl annonce la naissance de Dieu en tant qu&rsquo;\u00eatre humain. P\u00e2ques annonce <\/span><span lang=\"fr-FR\">la<\/span><span lang=\"fr-FR\"> r\u00e9surrection d&rsquo;entre les morts. Pour ceux qui ne croient pas, de tels miracles, dont on <\/span><span lang=\"fr-FR\">fait \u00e9tat <\/span><span lang=\"fr-FR\">avec tant d&rsquo;\u00e9clat et avec une telle assurance de la part des chr\u00e9tiens, ne font qu&rsquo;augmenter leur <\/span><span lang=\"fr-FR\">exasp\u00e9ration<\/span><span lang=\"fr-FR\">. <\/span><span lang=\"fr-FR\">On fait alors des r<\/span><span lang=\"fr-FR\">\u00e9flexions <\/span><span lang=\"fr-FR\">du genre<\/span><span lang=\"fr-FR\"> \u00abcomment les gens peuvent-ils \u00eatre aussi cr\u00e9dules?\u00bb <\/span><span lang=\"fr-FR\">et alors il vient \u00e0 l\u2019esprit des exemples de certains chr\u00e9tiens qui ne sont pas de bons exemples <em>(litt\u00e9ralement : en situation d&rsquo;\u00e9chec).<\/em><\/span> <span lang=\"fr-FR\">Et en proportion des<\/span><span lang=\"fr-FR\"> c\u00e9l\u00e9bration<\/span><span lang=\"fr-FR\">s<\/span> <span lang=\"fr-FR\">les pens\u00e9es d\u2019incr\u00e9dulit\u00e9 augmentent<\/span><span lang=\"fr-FR\">.<\/span><\/span><\/span><\/p>\n<p>Je ne pense pas <span lang=\"fr-FR\">que l\u2019absence de foi d\u00e9coule d&rsquo;un raisonement rationnel <\/span> <span lang=\"fr-FR\">ou d&rsquo;un principe philosophique. J&rsquo;ai pass\u00e9 trop d&rsquo;ann\u00e9es \u00e0 observer mon propre c\u0153ur et \u00e0 \u00e9couter les pens\u00e9es des autres pour accepter une notion aussi simpliste de notre comportement en tant qu&rsquo;\u00eatres humains. Une personne va professer la foi sur la base d&rsquo;arguments \u00abra<\/span><span lang=\"fr-FR\">tionnels<\/span><span lang=\"fr-FR\">\u00bb, tandis qu&rsquo;une autre, pour des motifs similaires <\/span><span lang=\"fr-FR\"><i>et donc autant raisonnables<\/i><\/span><span lang=\"fr-FR\">, professe l&rsquo;incr\u00e9dulit\u00e9. L<\/span><span lang=\"fr-FR\">e d\u00e9faut<\/span><span lang=\"fr-FR\"> n&rsquo;est pas dans le raisonnement. Le raisonnement est en fait quelque chose que nous faisons en grande partie \u00abapr\u00e8s coup\u00bb. En effet, cette r\u00e9alit\u00e9 psychologique a elle-m\u00eame fait l&rsquo;objet d&rsquo;\u00e9tudes et s&rsquo;est r\u00e9v\u00e9l\u00e9e largement vraie. L<\/span><span lang=\"fr-FR\">e<\/span><span lang=\"fr-FR\"> raison<\/span><span lang=\"fr-FR\">nement rationnel<\/span><span lang=\"fr-FR\"> est l&rsquo;un<\/span><span lang=\"fr-FR\">e des formes d\u2019expression<\/span><span lang=\"fr-FR\"> que nous <\/span><span lang=\"fr-FR\">faisons<\/span><span lang=\"fr-FR\"> apr\u00e8s <\/span><span lang=\"fr-FR\">que notre c\u0153ur ait fait son choix<\/span><span lang=\"fr-FR\">. C&rsquo;est <\/span><span lang=\"fr-FR\">le<\/span><span lang=\"fr-FR\"> sympt\u00f4me d<\/span><span lang=\"fr-FR\">e quelque chose d\u2019autre<\/span><span lang=\"fr-FR\"> et nous nous faisons mutuellement une <\/span><span lang=\"fr-FR\">grande <\/span><span lang=\"fr-FR\"> injustice lorsque nous r\u00e9duisons la foi et l&rsquo;incr\u00e9dulit\u00e9 \u00e0 ce qu&rsquo;<\/span><span lang=\"fr-FR\">el<\/span><span lang=\"fr-FR\">l<\/span><span lang=\"fr-FR\">e<\/span><span lang=\"fr-FR\">s ne sont pas. <\/span><\/p>\n<p>Je crois que la mort et la r\u00e9surrection du Christ sont tout \u00e0 fait universelles dans leur r\u00e9alit\u00e9. Ce ne sont pas des \u00e9v\u00e9nements isol\u00e9s, significatifs uniquement dans le syst\u00e8me de <span lang=\"fr-FR\">la <\/span><span lang=\"fr-FR\">croyance chr\u00e9tienne. Je crois que ce sont des moments singuliers dans l&rsquo;espace et le temps (et hors de l&rsquo;espace et du temps) qui r\u00e9v\u00e8lent la v\u00e9rit\u00e9 de toutes choses, de toutes les personnes, et du c\u0153ur et de la nature du Dieu qui a cr\u00e9\u00e9 toutes choses et <\/span><span lang=\"fr-FR\">qui <\/span><span lang=\"fr-FR\">les soutient. Je crois que cela est vrai que <\/span><span lang=\"fr-FR\">ce soit <\/span><span lang=\"fr-FR\">moi ou quelqu&rsquo;un d&rsquo;autre <\/span><span lang=\"fr-FR\">qui l<\/span><span lang=\"fr-FR\">e croi<\/span><span lang=\"fr-FR\">t<\/span><span lang=\"fr-FR\">. La mort et la r\u00e9surrection du Christ sont les faits les plus fondamentaux et les plus <\/span><span lang=\"fr-FR\">essentiels<\/span><span lang=\"fr-FR\"> de la r\u00e9alit\u00e9.<\/span><\/p>\n<p>Je crois que <span lang=\"fr-FR\">nous, <\/span><span lang=\"fr-FR\">les chr\u00e9tiens, <\/span><span lang=\"fr-FR\">nous faisons<\/span><span lang=\"fr-FR\"> une gra<\/span><span lang=\"fr-FR\">nde<\/span><span lang=\"fr-FR\"> erreur lorsque nous commen\u00e7ons \u00e0 parler d&rsquo;abord de Dieu plut\u00f4t que d&rsquo;abord d<\/span><span lang=\"fr-FR\">u<\/span><span lang=\"fr-FR\"> Christ et de Sa mort sur la croix et de <\/span><span lang=\"fr-FR\">S<\/span><span lang=\"fr-FR\">a r\u00e9surrection d&rsquo;entre les morts. C&rsquo;est une erreur parce qu&rsquo;elle suppose que nous savons quelque chose sur Dieu qui est en quelque sorte \u00abavant\u00bb ces \u00e9v\u00e9nements. Nous ne <\/span><span lang=\"fr-FR\">savons<\/span><span lang=\"fr-FR\"> pas, ou <\/span><span lang=\"en-US\">bien<\/span><span lang=\"fr-FR\">, si nous pensons <\/span><span lang=\"fr-FR\">savoir<\/span><span lang=\"fr-FR\">, nous nous trompons. La mort et la r\u00e9surrection du Christ sont l&rsquo;alpha et l&rsquo;om\u00e9ga de <\/span><span lang=\"fr-FR\">ce que Dieu <\/span><span lang=\"en-US\">a<\/span><span lang=\"fr-FR\"> r\u00e9v\u00e9l\u00e9 de Lui m\u00eame<\/span><span lang=\"fr-FR\"> au monde. Rien dans toute la cr\u00e9ation n&rsquo;est \u00e9tranger ou sans rapport avec ces \u00e9v\u00e9nements.<\/span><\/p>\n<p>Cela veut dire que l&rsquo;incr\u00e9dulit\u00e9 et la foi font \u00e9galement partie de la mort et de la r\u00e9surrection de Christ. La mort et la r\u00e9surrection du Christ contiennent le vide absolu et complet de l&rsquo;enfer, la menace du non-\u00eatre et d<span lang=\"fr-FR\">e l\u2019absence du sens<\/span><span lang=\"fr-FR\">, l&rsquo;absurdit\u00e9 de la souffrance et de l&rsquo;innocence bless\u00e9e. <\/span><span lang=\"fr-FR\">La mort et la r\u00e9surrection du Christ <\/span><span lang=\"fr-FR\"> contiennent \u00e9galement la pl\u00e9nitude du paradis, la joie compl\u00e8te de l&rsquo;existence et l&rsquo;extase de l&rsquo;amour transcendant. Tout y est.<\/span><\/p>\n<p>Lorsque nous nous tenons devant la Croix du Christ, ou nous agenouillons devant elle et l&rsquo;honorons, nous honorons \u00e9galement tout ce qui y est contenu. Nous honorons l&rsquo;incr\u00e9dulit\u00e9 des ath\u00e9es, la col\u00e8re et l&rsquo;amertume de <span lang=\"en-US\">ceux qui sont bless<\/span><span lang=\"fr-FR\">\u00e9s<\/span><span lang=\"fr-FR\">, la honte de ceux qui n&rsquo;osent pas se regarder <\/span><span lang=\"fr-FR\">en face<\/span><span lang=\"fr-FR\">. Car Christ ne s&rsquo;est pas \u00e9loign\u00e9 de telles <\/span><span lang=\"fr-FR\">situations<\/span><span lang=\"fr-FR\">. La Croix est le seul point de rassemblement <\/span><span lang=\"fr-FR\">en<\/span><span lang=\"fr-FR\"> Dieu, o\u00f9 \u00abtoutes choses sont r<\/span><span lang=\"fr-FR\">\u00e9unies<\/span><span lang=\"fr-FR\"> en Christ \u00bb (\u00c9ph\u00e9siens 1:10). L&rsquo;incr\u00e9dulit\u00e9 est une blessure du c\u0153ur humain, une maladie de la perception, une c\u00e9cit\u00e9 no\u00e9tique <\/span><span lang=\"en-US\"><i>( du terme grec &lsquo;nous&rsquo; (\u03bd\u03bf\u03c5\u03c3) qui signifie l\u2019oeil du coeur ou de l\u2019<\/i><\/span><span lang=\"fr-FR\"><i>\u00e2me<\/i><\/span><span lang=\"en-US\"><i>). <\/i><\/span><span lang=\"fr-FR\">La Croix n&rsquo;est pas \u00e9trang\u00e8re \u00e0 la cruaut\u00e9 ou \u00e0 toutes les formes de moqueries et de d\u00e9lices pervers. Toutes ces choses \u00e9taient et sont pr\u00e9sentes \u00e0 ce moment-l\u00e0.<\/span><\/p>\n<p>Alors que nous <span lang=\"en-US\">traversons<\/span><span lang=\"fr-FR\"> cette vie, nous sommes constamment tent\u00e9s par les divisions qui nous menacent. Nous voyons le monde comme \u00abeux et nous\u00bb. Ceux-ci croient; ce<\/span><span lang=\"fr-FR\">ux-l\u00e0 ne croient pas<\/span><span lang=\"fr-FR\">. Ce<\/span><span lang=\"en-US\">ux-ci font attention <\/span><span lang=\"fr-FR\">; ce<\/span><span lang=\"en-US\">ux-l<\/span><span lang=\"fr-FR\">\u00e0 <\/span><span lang=\"en-US\">s\u2019en fichent<\/span><span lang=\"fr-FR\">. Ceux-ci se comportent <\/span><span lang=\"en-US\">bien<\/span><span lang=\"fr-FR\">; <\/span><span lang=\"en-US\">pour ceux-<\/span><span lang=\"fr-FR\">l\u00e0 <\/span><span lang=\"fr-FR\">ce n&rsquo;est pas le cas, etc. <\/span><span lang=\"fr-FR\">etc.<\/span><span lang=\"fr-FR\"> Les divisions sont souvent assez insignifiantes. Ces divisions sont principalement les sympt\u00f4mes de notre incapacit\u00e9 \u00e0 aimer. Les gens qui entouraient le Christ \u00e9taient constamment scandalis\u00e9s par<\/span> <span lang=\"en-US\">le fait qu\u2019il ne vivait pas comme un asc<\/span><span lang=\"fr-FR\">\u00e8te<\/span> <span lang=\"fr-FR\">et <\/span><span lang=\"en-US\">qu&rsquo;il entrait facilement en contact<\/span><span lang=\"fr-FR\"> avec ceux identifi\u00e9s comme des \u00abp\u00e9cheurs\u00bb. Sans aucun doute, beaucoup de ces p\u00e9cheurs \u00e9taient des \u00abincroyants\u00bb. D&rsquo;une mani\u00e8re ou d&rsquo;une autre, Christ a <\/span><span lang=\"fr-FR\">r\u00e9uni<\/span><span lang=\"fr-FR\"> tout le monde et l&rsquo;a annonc\u00e9 comme \u00e9tant au c\u0153ur de <\/span><span lang=\"fr-FR\">S<\/span><span lang=\"fr-FR\">a vie et de <\/span><span lang=\"fr-FR\">S<\/span><span lang=\"fr-FR\">on but.<\/span><\/p>\n<p>L&rsquo;apparition de la croix est \u00e9galement la premi\u00e8re apparition parmi nous du jugement du Christ. En tant que tels, ceux qui l&rsquo;entourent commencent en effet \u00e0 se s\u00e9parer. Des deux voleurs, l&rsquo;un s&rsquo;accroche au Christ et l&rsquo;autre l&rsquo;injure. Mais <span lang=\"en-US\">le Christ sur la croix ne condamne pas<\/span><span lang=\"fr-FR\">. Le Centurion, responsable de sa crucifixion et de la lance enfonc\u00e9e dans son flanc, devien<\/span><span lang=\"en-US\">dra<\/span><span lang=\"fr-FR\"> plus tard un saint (Longinus). Notre t\u00e2che, cependant, n&rsquo;est pas<\/span> <span lang=\"en-US\">de prendre la place<\/span> <span lang=\"fr-FR\">d<\/span><span lang=\"en-US\">u<\/span><span lang=\"fr-FR\"> Christ. Le jugement qui <\/span><span lang=\"en-US\">a lieu <\/span><span lang=\"fr-FR\"> lorsque ceux qui l&rsquo;entourent r\u00e9agissent est \u00e9galement la r\u00e9v\u00e9lation de leurs propres blessures et de la brisure de <\/span><span lang=\"en-US\">l<\/span><span lang=\"en-US\">eur <\/span><span lang=\"en-US\">\u00e2me<\/span><span lang=\"fr-FR\">.<\/span><\/p>\n<p>Le Christ a dit:<\/p>\n<p dir=\"ltr\" align=\"left\"><span style=\"font-family: Liberation Serif, serif;\"><span lang=\"en-US\"><span lang=\"fr-FR\">Et le Jugement, le voici\u00a0: la lumi\u00e8re est venue dans le monde, et les hommes ont pr\u00e9f\u00e9r\u00e9 les t\u00e9n\u00e8bres \u00e0 la lumi\u00e8re, parce que leurs \u0153uvres \u00e9taient mauvaises. <\/span><span lang=\"en-US\">Celui qui fait le mal <\/span><span lang=\"fr-FR\">d\u00e9teste la lumi\u00e8re:il ne vient pas \u00e0 la lumi\u00e8re de peur que ses \u0153uvres soient d\u00e9nonc\u00e9es\u00a0;mais celui qui fait la v\u00e9rit\u00e9 vient \u00e0 la lumi\u00e8re pour qu\u2019il soit manifeste que ses \u0153uvres ont \u00e9t\u00e9 accomplies en union avec Dieu. <\/span><span lang=\"en-US\">(Jean 3:19-21).<\/span><\/span><\/span><\/p>\n<p dir=\"ltr\" align=\"left\"><span style=\"font-family: Liberation Serif, serif;\"><span lang=\"en-US\"><span lang=\"fr-FR\">C&rsquo;est \u00e0 nous de nous tenir dans la lumi\u00e8re, o\u00f9 nos propres actions, <\/span><span lang=\"en-US\">quelque soit leur nature<\/span><span lang=\"fr-FR\">, peuvent \u00eatre r\u00e9v\u00e9l\u00e9es. Je pense que si nous faisons r\u00e9ellement \u00abce qui est vrai\u00bb, notre c\u0153ur <\/span><span lang=\"en-US\">ne va pas <\/span><span lang=\"fr-FR\"> condamner mais<\/span> <span lang=\"en-US\">il va<\/span> <span lang=\"fr-FR\">pleurer et d\u00e9sirer ardemment la gu\u00e9rison de tous.<\/span><\/span><\/span><\/p>\n<p>L&rsquo;incr\u00e9dulit\u00e9 est une blessure <span lang=\"en-US\">d<\/span><span lang=\"fr-FR\">e<\/span><span lang=\"fr-FR\"> l&rsquo;\u00e2me<\/span> <span lang=\"en-US\">qui<\/span> <span lang=\"fr-FR\">se situe probablement beaucoup plus profond\u00e9ment que l&rsquo;impression que nous avons le<\/span><span lang=\"fr-FR\"> choix. <\/span><span lang=\"en-US\">El<\/span><span lang=\"fr-FR\">l<\/span><span lang=\"en-US\">e<\/span><span lang=\"fr-FR\"> est souvent<\/span> <span lang=\"en-US\">enfouie<\/span> <span lang=\"fr-FR\">au plus profond de l&rsquo;enfer qui s&rsquo;est form\u00e9 au creux de la<\/span> <span lang=\"en-US\">pudeur<\/span> <span lang=\"fr-FR\">d&rsquo;une \u00e2me. Cette blessure n\u00e9ces<\/span><span lang=\"en-US\">site la descente du Christ en enfer<\/span><span lang=\"fr-FR\">, et peut-\u00eatre des<\/span> <span lang=\"en-US\">luttes<\/span> <span lang=\"fr-FR\">f\u00e9roces qui <\/span><span lang=\"en-US\">nous sont cach<\/span><span lang=\"fr-FR\">\u00e9es.<\/span><span lang=\"fr-FR\">.. Lorsque l&rsquo;\u00c9glise proclame: \u00abLe Christ est ressuscit\u00e9 <\/span><span lang=\"en-US\">des morts<\/span><span lang=\"fr-FR\">, <\/span><span lang=\"en-US\">p<\/span><span lang=\"en-US\">ar <\/span><span lang=\"en-US\">la<\/span><span lang=\"fr-FR\"> mort<\/span> <span lang=\"en-US\">il a vaincu<\/span> <span lang=\"fr-FR\">la mort et <\/span><span lang=\"fr-FR\">\u00e0<\/span><span lang=\"fr-FR\"> ceux qui sont dans les tombeaux <\/span><span lang=\"fr-FR\">il a donn\u00e9<\/span><span lang=\"fr-FR\"> la vie\u00bb, il est profond\u00e9ment important de se rappeler que nous avons \u00e0 l&rsquo;esprit l&rsquo;\u00e2me de ceux qui sont <\/span><span lang=\"fr-FR\">tellement<\/span><span lang=\"fr-FR\"> bless\u00e9s.<\/span><\/p>\n<p>Il nous appartient de c\u00e9l\u00e9brer, de chanter et de danser, m\u00eame si certains, pour l&rsquo;instant, refusent de se joindre \u00e0 nous. Le vrai Christ r\u00e9v\u00e9l\u00e9 par la Croix, est un Dieu sauveur, un Dieu qui cherche, un Dieu qui frappe <span lang=\"fr-FR\">\u00e0 la porte<\/span><span lang=\"fr-FR\">, un Dieu qui pi\u00e9tine <em>la mort<\/em>, un Dieu qui gu\u00e9rit, un Dieu ressuscit\u00e9 qui <\/span><span lang=\"fr-FR\">ne d\u00e9sire pas que nous ne Le connaissions pas<\/span><span lang=\"fr-FR\">.<\/span><\/p>\n<p>C&rsquo;est le Dieu<span lang=\"fr-FR\"> Bon<\/span><span lang=\"fr-FR\"> qui aime l&rsquo;humanit\u00e9.<br \/>\n<\/span><\/p>\n<p><span lang=\"fr-FR\">Source\u00a0: https:\/\/blogs.ancientfaith.com\/glory2godforallthings\/2020\/04\/16\/good-friday-and-unbelief\/<\/span><\/p>\n","protected":false},"excerpt":{"rendered":"<p>No\u00ebl et P\u00e2ques sont souvent des jours d\u00e9plaisants pour ceux qui ne croient pas en Dieu. Les chr\u00e9tiens se mettent alors \u00e0 parler plus ouvertement de leur foi qu&rsquo;\u00e0 d&rsquo;autres moments de l&rsquo;ann\u00e9e, ce qui peut g\u00eaner . No\u00ebl annonce la naissance de Dieu en tant qu&rsquo;\u00eatre humain. P\u00e2ques annonce la r\u00e9surrection d&rsquo;entre les morts. &hellip; <a href=\"http:\/\/www.orthodoxie-reunion.com\/?p=1930\" class=\"more-link\">Continuer la lecture de <span class=\"screen-reader-text\">Sur l&rsquo;absence de foi<\/span><\/a><\/p>\n","protected":false},"author":1,"featured_media":0,"comment_status":"open","ping_status":"open","sticky":false,"template":"","format":"standard","meta":{"footnotes":""},"categories":[1],"tags":[],"class_list":["post-1930","post","type-post","status-publish","format-standard","hentry","category-non-classe"],"_links":{"self":[{"href":"http:\/\/www.orthodoxie-reunion.com\/index.php?rest_route=\/wp\/v2\/posts\/1930","targetHints":{"allow":["GET"]}}],"collection":[{"href":"http:\/\/www.orthodoxie-reunion.com\/index.php?rest_route=\/wp\/v2\/posts"}],"about":[{"href":"http:\/\/www.orthodoxie-reunion.com\/index.php?rest_route=\/wp\/v2\/types\/post"}],"author":[{"embeddable":true,"href":"http:\/\/www.orthodoxie-reunion.com\/index.php?rest_route=\/wp\/v2\/users\/1"}],"replies":[{"embeddable":true,"href":"http:\/\/www.orthodoxie-reunion.com\/index.php?rest_route=%2Fwp%2Fv2%2Fcomments&post=1930"}],"version-history":[{"count":3,"href":"http:\/\/www.orthodoxie-reunion.com\/index.php?rest_route=\/wp\/v2\/posts\/1930\/revisions"}],"predecessor-version":[{"id":1935,"href":"http:\/\/www.orthodoxie-reunion.com\/index.php?rest_route=\/wp\/v2\/posts\/1930\/revisions\/1935"}],"wp:attachment":[{"href":"http:\/\/www.orthodoxie-reunion.com\/index.php?rest_route=%2Fwp%2Fv2%2Fmedia&parent=1930"}],"wp:term":[{"taxonomy":"category","embeddable":true,"href":"http:\/\/www.orthodoxie-reunion.com\/index.php?rest_route=%2Fwp%2Fv2%2Fcategories&post=1930"},{"taxonomy":"post_tag","embeddable":true,"href":"http:\/\/www.orthodoxie-reunion.com\/index.php?rest_route=%2Fwp%2Fv2%2Ftags&post=1930"}],"curies":[{"name":"wp","href":"https:\/\/api.w.org\/{rel}","templated":true}]}}