{"id":1150,"date":"2015-06-07T06:15:26","date_gmt":"2015-06-07T06:15:26","guid":{"rendered":"http:\/\/www.orthodoxie-reunion.com\/?p=1150"},"modified":"2015-06-07T06:16:53","modified_gmt":"2015-06-07T06:16:53","slug":"le-careme-des-apotres-2","status":"publish","type":"post","link":"http:\/\/www.orthodoxie-reunion.com\/?p=1150","title":{"rendered":"Le Car\u00eame des Ap\u00f4tres"},"content":{"rendered":"<p><a href=\"http:\/\/www.orthodoxie-reunion.com\/?attachment_id=1149\" rel=\"attachment wp-att-1149\"><img loading=\"lazy\" decoding=\"async\" class=\"aligncenter size-full wp-image-1149\" alt=\"pierre et paul\" src=\"http:\/\/www.orthodoxie-reunion.com\/wp-content\/uploads\/2015\/06\/pierre-et-paul.jpg\" width=\"300\" height=\"377\" srcset=\"http:\/\/www.orthodoxie-reunion.com\/wp-content\/uploads\/2015\/06\/pierre-et-paul.jpg 300w, http:\/\/www.orthodoxie-reunion.com\/wp-content\/uploads\/2015\/06\/pierre-et-paul-238x300.jpg 238w\" sizes=\"auto, (max-width: 300px) 100vw, 300px\" \/><\/a><\/p>\n<p>&nbsp;<\/p>\n<p><em>Ic\u00f4ne repr\u00e9sentant les saints ap\u00f4tres Pierre et Paul<\/em><\/p>\n<p>&nbsp;<\/p>\n<p>&nbsp;<\/p>\n<p>&nbsp;<\/p>\n<p>Le car\u00eame des ap\u00f4tres commence juste apr\u00e8s le premier dimanche apr\u00e8s la Pentec\u00f4te (et qui est \u00e9galement le dimanche de tous les Saints), soit le lundi 8 juin et il se termine le jour de la f\u00eate des saints ap\u00f4tres Pierre et Paul qui tombe le 29 juin (ou le 12 juillet selon le calendrier julien). Cette p\u00e9riode de je\u00fbne a son origine qui remonte aux premiers si\u00e8cles du christianisme et nous disposons des t\u00e9moignages de saint Athanase le Grand, de saint Ambroise de Milan et d&rsquo;autres&#8230;Saint Athanase \u00a0a fait r\u00e9f\u00e9rence \u00e0 ce car\u00eame dans une lettre envoy\u00e9e \u00e0 l&#8217;empereur Constance&#8230;Ce je\u00fbne n&rsquo;est pas strict comme le Grand Car\u00eame: on s&rsquo;abstient des laitages et de la viande. \u00a0Le poisson est souvent autoris\u00e9 (se reporter \u00e0 un calendrier liturgique). Quoiqu&rsquo;il en soit, le car\u00eame ne se limite pas \u00e0 l&rsquo;aspect alimentaire qui est la partie la plus facile \u00e0 respecter pour une personne en bonne sant\u00e9 et bien entendu ces r\u00e8gles ne s&rsquo;imposent pas quand on est malade (demander s&rsquo;il le faut au pr\u00eatre).<\/p>\n<p>&nbsp;<\/p>\n","protected":false},"excerpt":{"rendered":"<p>&nbsp; Ic\u00f4ne repr\u00e9sentant les saints ap\u00f4tres Pierre et Paul &nbsp; &nbsp; &nbsp; Le car\u00eame des ap\u00f4tres commence juste apr\u00e8s le premier dimanche apr\u00e8s la Pentec\u00f4te (et qui est \u00e9galement le dimanche de tous les Saints), soit le lundi 8 juin et il se termine le jour de la f\u00eate des saints ap\u00f4tres Pierre et Paul &hellip; <a href=\"http:\/\/www.orthodoxie-reunion.com\/?p=1150\" class=\"more-link\">Continuer la lecture de <span class=\"screen-reader-text\">Le Car\u00eame des Ap\u00f4tres<\/span><\/a><\/p>\n","protected":false},"author":1,"featured_media":0,"comment_status":"open","ping_status":"open","sticky":false,"template":"","format":"standard","meta":{"footnotes":""},"categories":[13],"tags":[],"class_list":["post-1150","post","type-post","status-publish","format-standard","hentry","category-calendrier-liturgique"],"_links":{"self":[{"href":"http:\/\/www.orthodoxie-reunion.com\/index.php?rest_route=\/wp\/v2\/posts\/1150","targetHints":{"allow":["GET"]}}],"collection":[{"href":"http:\/\/www.orthodoxie-reunion.com\/index.php?rest_route=\/wp\/v2\/posts"}],"about":[{"href":"http:\/\/www.orthodoxie-reunion.com\/index.php?rest_route=\/wp\/v2\/types\/post"}],"author":[{"embeddable":true,"href":"http:\/\/www.orthodoxie-reunion.com\/index.php?rest_route=\/wp\/v2\/users\/1"}],"replies":[{"embeddable":true,"href":"http:\/\/www.orthodoxie-reunion.com\/index.php?rest_route=%2Fwp%2Fv2%2Fcomments&post=1150"}],"version-history":[{"count":4,"href":"http:\/\/www.orthodoxie-reunion.com\/index.php?rest_route=\/wp\/v2\/posts\/1150\/revisions"}],"predecessor-version":[{"id":1154,"href":"http:\/\/www.orthodoxie-reunion.com\/index.php?rest_route=\/wp\/v2\/posts\/1150\/revisions\/1154"}],"wp:attachment":[{"href":"http:\/\/www.orthodoxie-reunion.com\/index.php?rest_route=%2Fwp%2Fv2%2Fmedia&parent=1150"}],"wp:term":[{"taxonomy":"category","embeddable":true,"href":"http:\/\/www.orthodoxie-reunion.com\/index.php?rest_route=%2Fwp%2Fv2%2Fcategories&post=1150"},{"taxonomy":"post_tag","embeddable":true,"href":"http:\/\/www.orthodoxie-reunion.com\/index.php?rest_route=%2Fwp%2Fv2%2Ftags&post=1150"}],"curies":[{"name":"wp","href":"https:\/\/api.w.org\/{rel}","templated":true}]}}