{"id":1141,"date":"2015-05-30T04:59:57","date_gmt":"2015-05-30T04:59:57","guid":{"rendered":"http:\/\/www.orthodoxie-reunion.com\/?p=1141"},"modified":"2015-05-30T05:03:29","modified_gmt":"2015-05-30T05:03:29","slug":"samedi-des-defunts","status":"publish","type":"post","link":"http:\/\/www.orthodoxie-reunion.com\/?p=1141","title":{"rendered":"Samedi des d\u00e9funts"},"content":{"rendered":"<p><a href=\"http:\/\/www.orthodoxie-reunion.com\/?attachment_id=1140\" rel=\"attachment wp-att-1140\"><img loading=\"lazy\" decoding=\"async\" class=\"aligncenter size-full wp-image-1140\" alt=\"sabt alraqidine\" src=\"http:\/\/www.orthodoxie-reunion.com\/wp-content\/uploads\/2015\/05\/sabt-alraqidine.jpg\" width=\"345\" height=\"500\" srcset=\"http:\/\/www.orthodoxie-reunion.com\/wp-content\/uploads\/2015\/05\/sabt-alraqidine.jpg 345w, http:\/\/www.orthodoxie-reunion.com\/wp-content\/uploads\/2015\/05\/sabt-alraqidine-207x300.jpg 207w\" sizes=\"auto, (max-width: 345px) 100vw, 345px\" \/><\/a><\/p>\n<p>&nbsp;<\/p>\n<p>&nbsp;<\/p>\n<p>&nbsp;<\/p>\n<p><i>Source:<\/i><\/p>\n<p><i>http:www.antiochpatriarchate.org\/ar\/page\/%D8%B3%D8%A8%D8%AA-%D8%A7%D9%84%D8%B1%D8%A7%D9%81%D8%AF%D9%8A%D9%86\/1097\/<\/i><\/p>\n<p>&nbsp;<\/p>\n<p>&nbsp;<\/p>\n<p><b><i>Parce-que nos d\u00e9funts ne sont pas morts, parce que le Ma\u00eetre et Source de la Vie s\u2019est incarn\u00e9 et qu\u2019il a annul\u00e9 la mort par Sa mort, parce-que nous sommes les enfants de la R\u00e9surrection, nous prions avec nos d\u00e9funts et pour eux. En v\u00e9rit\u00e9, nous sommes tous un en Christ.<\/i><\/b><\/p>\n<p><b><i>\u00a0<\/i><\/b><\/p>\n<p>L\u2019Eglise Orthodoxe comm\u00e9more particuli\u00e8rement deux fois dans l\u2019ann\u00e9e ceux qui se sont endormis dans l\u2019espoir de la R\u00e9surrection, ce sont deux samedis appel\u00e9s samedis des d\u00e9funts.<\/p>\n<p>Le premier samedi des d\u00e9funts tombe avant le Grand Car\u00eame, la veille du dimanche du jugement qui fait r\u00e9f\u00e9rence au jugement universel lors de la seconde venue du Christ. Les d\u00e9funts sont \u00e9galement en attente du jugement, nous nous rappelons d\u2019eux dans nos pri\u00e8res demandant pour eux la grande mis\u00e9ricorde infinie de Dieu. Et en m\u00eame temps nous demandons la mis\u00e9ricorde pour nous-m\u00eames.<\/p>\n<p>Le deuxi\u00e8me samedi des d\u00e9funts tombe avant le dimanche de la Pentec\u00f4te\u00a0: puisque le Saint-Esprit est source de vie de gr\u00e2ce et de saintet\u00e9, l\u2019Eglise consacre ce jour aux d\u00e9funts et demande que l\u2019Esprit Saint leur soit consolation et qu\u2019Il leur accorde le repos.<\/p>\n<p>&nbsp;<\/p>\n<p><i>Remarques\u00a0:<\/i><\/p>\n<p><i>D\u2019une fa\u00e7on g\u00e9n\u00e9rale, tous les samedis durant les offices religieux on comm\u00e9more particuli\u00e8rement les d\u00e9funts, et dans toute Divine Liturgie on prie pour les d\u00e9funts.<\/i><\/p>\n<p><i>Il \u00a0n\u2019y a pas de mort pour le chr\u00e9tien car le celui qui est vraiment mort est celui qui volontairement refuse la gr\u00e2ce du Christ et la rejette de son c\u0153ur\u00a0; c\u2019est pourquoi le mot \u00ab\u00a0mort\u00a0\u00bb est absent du Credo connu sous le nom de \u00ab\u00a0Symbole de Nic\u00e9e-Constantinople\u00a0\u00bb, on dit \u00ab\u00a0Il a \u00e9t\u00e9 crucifi\u00e9 pour nous sous Ponce Pilate, a souffert\u00a0 et a \u00e9t\u00e9 enseveli, et il est ressuscit\u00e9 le troisi\u00e8me jour\u00a0\u00bb.<\/i>C\u2019est parce-que le Christ a deux natures\u00a0: la nature humaine et la nature divine. Il est mort uniquement dans sa nature humaine.<\/p>\n<p><b><i>\u00a0Parce-que nous sommes les enfants de la R\u00e9surrection, nous prions avec nos d\u00e9funts et pour eux. En v\u00e9rit\u00e9, nous sommes tous un en Christ.<\/i><\/b><\/p>\n<p><b><i>Celui qui croit en Christ m\u00eame s\u2019il meurt vivra.<\/i><\/b><\/p>\n<p><b><i>Christ est Ressucit\u00e9.<\/i><\/b><\/p>\n<p>&nbsp;<\/p>\n","protected":false},"excerpt":{"rendered":"<p>&nbsp; &nbsp; &nbsp; Source: http:www.antiochpatriarchate.org\/ar\/page\/%D8%B3%D8%A8%D8%AA-%D8%A7%D9%84%D8%B1%D8%A7%D9%81%D8%AF%D9%8A%D9%86\/1097\/ &nbsp; &nbsp; Parce-que nos d\u00e9funts ne sont pas morts, parce que le Ma\u00eetre et Source de la Vie s\u2019est incarn\u00e9 et qu\u2019il a annul\u00e9 la mort par Sa mort, parce-que nous sommes les enfants de la R\u00e9surrection, nous prions avec nos d\u00e9funts et pour eux. En v\u00e9rit\u00e9, nous sommes tous &hellip; <a href=\"http:\/\/www.orthodoxie-reunion.com\/?p=1141\" class=\"more-link\">Continuer la lecture de <span class=\"screen-reader-text\">Samedi des d\u00e9funts<\/span><\/a><\/p>\n","protected":false},"author":1,"featured_media":0,"comment_status":"open","ping_status":"open","sticky":false,"template":"","format":"standard","meta":{"footnotes":""},"categories":[16],"tags":[],"class_list":["post-1141","post","type-post","status-publish","format-standard","hentry","category-catechese"],"_links":{"self":[{"href":"http:\/\/www.orthodoxie-reunion.com\/index.php?rest_route=\/wp\/v2\/posts\/1141","targetHints":{"allow":["GET"]}}],"collection":[{"href":"http:\/\/www.orthodoxie-reunion.com\/index.php?rest_route=\/wp\/v2\/posts"}],"about":[{"href":"http:\/\/www.orthodoxie-reunion.com\/index.php?rest_route=\/wp\/v2\/types\/post"}],"author":[{"embeddable":true,"href":"http:\/\/www.orthodoxie-reunion.com\/index.php?rest_route=\/wp\/v2\/users\/1"}],"replies":[{"embeddable":true,"href":"http:\/\/www.orthodoxie-reunion.com\/index.php?rest_route=%2Fwp%2Fv2%2Fcomments&post=1141"}],"version-history":[{"count":4,"href":"http:\/\/www.orthodoxie-reunion.com\/index.php?rest_route=\/wp\/v2\/posts\/1141\/revisions"}],"predecessor-version":[{"id":1145,"href":"http:\/\/www.orthodoxie-reunion.com\/index.php?rest_route=\/wp\/v2\/posts\/1141\/revisions\/1145"}],"wp:attachment":[{"href":"http:\/\/www.orthodoxie-reunion.com\/index.php?rest_route=%2Fwp%2Fv2%2Fmedia&parent=1141"}],"wp:term":[{"taxonomy":"category","embeddable":true,"href":"http:\/\/www.orthodoxie-reunion.com\/index.php?rest_route=%2Fwp%2Fv2%2Fcategories&post=1141"},{"taxonomy":"post_tag","embeddable":true,"href":"http:\/\/www.orthodoxie-reunion.com\/index.php?rest_route=%2Fwp%2Fv2%2Ftags&post=1141"}],"curies":[{"name":"wp","href":"https:\/\/api.w.org\/{rel}","templated":true}]}}