{"id":1049,"date":"2015-02-03T13:16:14","date_gmt":"2015-02-03T13:16:14","guid":{"rendered":"http:\/\/www.orthodoxie-reunion.com\/?p=1049"},"modified":"2015-02-03T13:32:55","modified_gmt":"2015-02-03T13:32:55","slug":"le-temps-du-triode-et-du-grand-careme","status":"publish","type":"post","link":"http:\/\/www.orthodoxie-reunion.com\/?p=1049","title":{"rendered":"Le temps du Triode et du Grand Car\u00eame"},"content":{"rendered":"<p><a href=\"http:\/\/www.orthodoxie-reunion.com\/?attachment_id=1053\" rel=\"attachment wp-att-1053\"><img loading=\"lazy\" decoding=\"async\" class=\"aligncenter size-full wp-image-1053\" alt=\"Publicain-Pharisien\" src=\"http:\/\/www.orthodoxie-reunion.com\/wp-content\/uploads\/2015\/02\/Publicain-Pharisien-e1422969757565.png\" width=\"500\" height=\"533\" \/><\/a><\/p>\n<p>&nbsp;<\/p>\n<p><em>Ic\u00f4ne du dimanche du pharisien et du publicain<\/em><\/p>\n<p>&nbsp;<\/p>\n<p><strong>LES DIMANCHES DU TRIODE ET DU GRAND CAR\u00caME<br \/>\n<\/strong> Les quatre dimanches qui pr\u00e9c\u00e8dent le Car\u00eame, &#8211; qui tombent dans la p\u00e9riode du Triode, d&rsquo;o\u00f9 son nom &#8211; de m\u00eame que les dimanches du grand Car\u00eame, ont chacun une signification particuli\u00e8re qui concerne des aspects importants de l&rsquo;\u00c9glise. D&rsquo;une mani\u00e8re simple je d\u00e9crirai chaque dimanche et sa signification.<br \/>\nLes dimanches du Triode sont ax\u00e9s sur la p\u00e9nitence, le repentir, le Jugement dernier et l&rsquo;expulsion du paradis\u00a0:<br \/>\nLe premier dimanche [ qui tombe cette ann\u00e9e le premier f\u00e9vrier] s&rsquo;appelle le <span style=\"text-decoration: underline;\"><strong>Dimanche du Publicain et du Pharisien<\/strong><\/span>, il \u00a0nous apprend dans quelle attitude le repentir doit se faire. Nous voyons le Pharisien se glorifier de ses \u0153uvres de justice et Dieu le rejette \u00e0 cause de son orgueil. Le Publicain, lui, avec un coeur contrit implore humblement le Seigneur et Celui-ci le justifie malgr\u00e9 ses p\u00e9ch\u00e9s. Voici un chant de l&rsquo;office qui illustre cela\u00a0:<br \/>\n<em>Fr\u00e8res, ne prions pas comme le pharisien. Car celui qui s&rsquo;\u00e9l\u00e8ve lui- m\u00eame sera abaiss\u00e9. Abaissons-nous devant Dieu, en implorant par le je\u00fbne comme le douanier (le publicain). Dieu Tu pardonneras nos fautes. <\/em> (V\u00eapres du Samedi)<\/p>\n<p>Ou encore: <em>\u00ab\u00a0Fuyons l&rsquo;orgueil du pharisien et apprenons du publicain l&rsquo;humilit\u00e9, criant dans nos soupirs au Sauveur: purifie-nous \u00f4 Toi qui seul Te laisse fl\u00e9chir\u00a0\u00bb.<\/em> (Kondak du dimanche).<\/p>\n<p>Le deuxi\u00e8me dimanche du Triode (donc le 8 f\u00e9vrier cette ann\u00e9e) est celui du <span style=\"text-decoration: underline;\"><strong>Fils prodigue<\/strong><\/span>. Le fils prodigue est chacun de nous. Tous nous sommes p\u00e9cheurs et la p\u00e9nitence nous attend. Apr\u00e8s une vie dissip\u00e9e dans le p\u00e9ch\u00e9, retournons vers le P\u00e8re de mis\u00e9ricordes.<br \/>\n<em>\u00ab\u00a0J&rsquo;ai dispers\u00e9 dans le mal la richesse divine que Tu m&rsquo;avais donn\u00e9e et je suis all\u00e9 loin de Toi vivre dans la dissipation. P\u00e8re mis\u00e9ricordieux, je reviens vers Toi. Tu me recevras\u00a0\u00bb<\/em>, chantons-nous au canon des Matines du m\u00eame dimanche.<\/p>\n<p><em>Kondak de ce dimanche: \u00ab\u00a0J&rsquo;ai d\u00e9laiss\u00e9 insens\u00e9, la gloire paternelle et dissip\u00e9 dans les vices le tr\u00e9sor qui me fut confi\u00e9. Par la voix du prodigue je crie vers Toi: j&rsquo;ai p\u00each\u00e9 contre Toi, \u00f4 P\u00e8re des mis\u00e9ricordes, accueille-moi p\u00e9nitent et traite-moi comme l&rsquo;un de Tes serviteurs.\u00a0\u00bb<\/em><\/p>\n<p>Le Triode clos avec la semaine qui suit le<span style=\"text-decoration: underline;\"> <strong>dimanche du Jugement dernier<\/strong> <\/span>(dimanche du carnaval, 15 f\u00e9vrier, dernier jour o\u00f9 l&rsquo;on mande de la viande avant le Grand Car\u00eame), &#8211; image de notre vie qui nous am\u00e8ne \u00e0 ce jour redoutable. Dieu est un P\u00e8re plein de mis\u00e9ricorde et Il est \u00e9galement un juste Juge. Nier un de ces deux aspects \u00e9quivaut \u00e0 ignorer l&rsquo;\u00c9criture sainte et nos hymnes sacr\u00e9es qui chantent ce dimanche-l\u00e0\u00a0:<br \/>\n<em>Quand je consid\u00e8re l&rsquo;heure du Jugement et du terrible av\u00e8nement du Ma\u00eetre qui aime l&rsquo;homme, je tremble et j&rsquo;appelle, tr\u00e8s juste Juge. Tu recevras mon repentir, par l&rsquo;intercession de la M\u00e8re de Dieu. <\/em><\/p>\n<p><em>Kondak: \u00ab\u00a0\u00d4 Dieu quand Tu viendras en gloire sur la terre, toute la cr\u00e9ation tremblera, un fleuve de feu coulera devant Ton tribunal. Les livres seront ouverts et les choses cach\u00e9es d\u00e9voil\u00e9es. Alors, d\u00e9livre-moi du feu inextinguible et rends-moi digne de\u00a0Ta droite, \u00f4 Juge \u00e9quitable.\u00a0\u00bb<\/em><\/p>\n<p>Enfin le dernier dimanche avant le Car\u00eame (le 22 f\u00e9vrier)\u00a0le <strong>dimanche des laitages ou encore de l&rsquo;Expulsion d&rsquo;Adam ou encore dimanche du Pardon,\u00a0<\/strong> traite de l&rsquo;expulsion du paradis. En rompant le je\u00fbne (Tu ne mangeras pas du fruit de cet arbre), ce qui avait pour suite l&rsquo;expulsion, il nous reste une seconde chance par le je\u00fbne du Car\u00eame. Ce dimanche est le dernier jour o\u00f9 l&rsquo;on peut manger des laitages avant le Grand\u00a0 Car\u00eame qui d\u00e9bute le soir m\u00eame.<\/p>\n<p><em>Kondak: \u00ab\u00a0Guide de la sagesse,\u00a0Dispensateur de l&rsquo;intelligence, P\u00e9dagogue des insens\u00e9s, Protecteur des pauvres, instruis et fortifie mon c\u0153ur, \u00f4 Ma\u00eetre. Donne-moi la parole, \u00f4 Toi Verbe du P\u00e8re, car je ne puis retenir mes l\u00e8vres de Te crier: Aie piti\u00e9 de Ta cr\u00e9ature d\u00e9chue \u00f4 Mis\u00e9ricordieux\u00a0\u00bb.<\/em><\/p>\n<p>Aux v\u00eapres de ce dimanche (en pratique juste apr\u00e8s la Divine Liturgie) on\u00a0effectue le rituel du pardon devant le pr\u00eatre apr\u00e8s avoir v\u00e9n\u00e9r\u00e9 l&rsquo;ic\u00f4ne de ce dimanche et puis les fid\u00e8les doivent se pardonner mutuellement.\u00a0On dit \u00e9galement la pri\u00e8re de Saint Ephrem qui sera reprise tous les jours du Grand Car\u00eame (sauf les samedis et dimanches):<\/p>\n<p><em>Seigneur et ma\u00eetre de ma vie, ne m&rsquo;abandonne pas \u00e0 l&rsquo;esprit d&rsquo;oisivet\u00e9, d&rsquo;abattement, de domination et de vaines paroles.<\/em><br \/>\n<em>Mais accorde-moi l&rsquo;esprit d&rsquo;int\u00e9grit\u00e9, d&rsquo;humilit\u00e9, de patience et d&rsquo;amour, \u00e0 moi ton serviteur.\u00a0 Oui, Seigneur mon Roi, donne-moi de voir mes fautes et de ne pas juger mon fr\u00e8re, car Tu es b\u00e9ni dans les si\u00e8cles des si\u00e8cles. Amen<\/em>.<\/p>\n<p>Les dimanches du Car\u00eame ont pour sujet des th\u00e8mes fondamentaux de l&rsquo;\u00c9glise.<br \/>\nLe premier dimanche (le premier mars) est \u00a0celui du <strong>Triomphe de l&rsquo;Orthodoxie<\/strong> et du r\u00e9tablissement des saintes ic\u00f4nes, c\u00e9l\u00e8bre la victoire de la vrai foi, en parole et en image sur les h\u00e9r\u00e9sies. Pourquoi ce dimanche figure au d\u00e9but du Car\u00eame et non \u00e0 la fin ? Puisque la saine doctrine est la base de toute vie spirituelle authentique.<br \/>\nLe second dimanche est celui de saint <strong>Gr\u00e9goire Palamas<\/strong>. Saint Gr\u00e9goire a parfaitement d\u00e9fini, comme porte-parole des h\u00e9sychiastes et de toute l&rsquo;Orthodoxie, l&rsquo;exp\u00e9rience de la vie spirituelle sans laquelle la doctrine resterait morte. La nature divine est inconnaissable, mais nous communions \u00e0 ses \u00e9nergies qui ne sont pas cr\u00e9es mais sont des manifestations de Dieu, dit-il en substance.<br \/>\nLe troisi\u00e8me dimanche est celui de la v\u00e9n\u00e9ration de la <strong>sainte Croix<\/strong> qui est au centre du Car\u00eame de m\u00eame que le myst\u00e8re de la Croix est au contre de notre foi et autour duquel gravit l&rsquo;\u00e9conomie du salut.<br \/>\n\u00c0<strong> saint Jean Climaque<\/strong> est d\u00e9di\u00e9 le quatri\u00e8me dimanche. Saint Jean est pris comme mod\u00e8le du ma\u00eetre de la vie spirituelle. C&rsquo;est lui qui par ses \u00e9crits nous enseigne comment arriver \u00e0 l&rsquo;exp\u00e9rience de Dieu. Si saint Gr\u00e9goire d\u00e9crit le but, saint Jean indique le chemin.<br \/>\nLe cinqui\u00e8me et dernier dimanche (le 29 mars) \u00a0comm\u00e9more <strong>sainte Marie l&rsquo;\u00c9gyptienne<\/strong>. C&rsquo;est elle qui par sa vie montre la r\u00e9alisation de ce que les ma\u00eetres enseignent. La vie et l&rsquo;exemple emportent sur la parole. C&rsquo;est pour cela qu&rsquo;elle est mise en dernier pour achever le cycle.<\/p>\n<p>Le Car\u00eame finalement d\u00e9bouche sur la passion et la r\u00e9surrection du Christ (P\u00e2que tombe le 12 avril )\u00a0sans laquelle toute notre vie spirituelle serait une impasse. Ce que nous vivons liturgiquement lors du Car\u00eame est l&rsquo;image de notre vie de chaque jour. L&rsquo;une nourrit et comp\u00e9n\u00e8tre l&rsquo;autre.<br \/>\n<em>Source: <a href=\"http:\/\/www.moinillon.net\/post\/2006\/02\/12\/543-debut-du-triode-de-careme\">http:\/\/www.moinillon.net\/post\/2006\/02\/12\/543-debut-du-triode-de-careme<\/a>\u00a0 h\u00e9riomoine cassien (et d&rsquo;autres sources).<\/em><\/p>\n","protected":false},"excerpt":{"rendered":"<p>&nbsp; Ic\u00f4ne du dimanche du pharisien et du publicain &nbsp; LES DIMANCHES DU TRIODE ET DU GRAND CAR\u00caME Les quatre dimanches qui pr\u00e9c\u00e8dent le Car\u00eame, &#8211; qui tombent dans la p\u00e9riode du Triode, d&rsquo;o\u00f9 son nom &#8211; de m\u00eame que les dimanches du grand Car\u00eame, ont chacun une signification particuli\u00e8re qui concerne des aspects importants &hellip; <a href=\"http:\/\/www.orthodoxie-reunion.com\/?p=1049\" class=\"more-link\">Continuer la lecture de <span class=\"screen-reader-text\">Le temps du Triode et du Grand Car\u00eame<\/span><\/a><\/p>\n","protected":false},"author":1,"featured_media":0,"comment_status":"open","ping_status":"open","sticky":false,"template":"","format":"standard","meta":{"footnotes":""},"categories":[13],"tags":[],"class_list":["post-1049","post","type-post","status-publish","format-standard","hentry","category-calendrier-liturgique"],"_links":{"self":[{"href":"http:\/\/www.orthodoxie-reunion.com\/index.php?rest_route=\/wp\/v2\/posts\/1049","targetHints":{"allow":["GET"]}}],"collection":[{"href":"http:\/\/www.orthodoxie-reunion.com\/index.php?rest_route=\/wp\/v2\/posts"}],"about":[{"href":"http:\/\/www.orthodoxie-reunion.com\/index.php?rest_route=\/wp\/v2\/types\/post"}],"author":[{"embeddable":true,"href":"http:\/\/www.orthodoxie-reunion.com\/index.php?rest_route=\/wp\/v2\/users\/1"}],"replies":[{"embeddable":true,"href":"http:\/\/www.orthodoxie-reunion.com\/index.php?rest_route=%2Fwp%2Fv2%2Fcomments&post=1049"}],"version-history":[{"count":8,"href":"http:\/\/www.orthodoxie-reunion.com\/index.php?rest_route=\/wp\/v2\/posts\/1049\/revisions"}],"predecessor-version":[{"id":1052,"href":"http:\/\/www.orthodoxie-reunion.com\/index.php?rest_route=\/wp\/v2\/posts\/1049\/revisions\/1052"}],"wp:attachment":[{"href":"http:\/\/www.orthodoxie-reunion.com\/index.php?rest_route=%2Fwp%2Fv2%2Fmedia&parent=1049"}],"wp:term":[{"taxonomy":"category","embeddable":true,"href":"http:\/\/www.orthodoxie-reunion.com\/index.php?rest_route=%2Fwp%2Fv2%2Fcategories&post=1049"},{"taxonomy":"post_tag","embeddable":true,"href":"http:\/\/www.orthodoxie-reunion.com\/index.php?rest_route=%2Fwp%2Fv2%2Ftags&post=1049"}],"curies":[{"name":"wp","href":"https:\/\/api.w.org\/{rel}","templated":true}]}}